{"id":150229,"date":"2022-06-15T09:57:36","date_gmt":"2022-06-15T13:57:36","guid":{"rendered":"https:\/\/linitiative.ca\/International\/confintea-vii-s-m-le-roi-appelle-a-la-creation-de-linstitut-africain-pour-lapprentissage-tout-au-long-de-la-vie\/"},"modified":"2022-06-15T09:57:36","modified_gmt":"2022-06-15T13:57:36","slug":"confintea-vii-s-m-le-roi-appelle-a-la-creation-de-linstitut-africain-pour-lapprentissage-tout-au-long-de-la-vie","status":"publish","type":"post","link":"https:\/\/linitiative.ca\/International\/confintea-vii-s-m-le-roi-appelle-a-la-creation-de-linstitut-africain-pour-lapprentissage-tout-au-long-de-la-vie\/","title":{"rendered":"CONFINTEA VII : S.M. le Roi appelle \u00e0 la cr\u00e9ation de \u00abl\u2019Institut africain pour l\u2019apprentissage tout au long de la vie\u00bb"},"content":{"rendered":"<div><img decoding=\"async\" width=\"763\" height=\"468\" src=\"https:\/\/linitiative.ca\/International\/wp-content\/uploads\/sites\/23\/2022\/06\/S.M.-Le-Roi-763-x-468.jpg\" class=\"attachment-post-thumbnail size-post-thumbnail wp-post-image\" alt=\"\" loading=\"lazy\" srcset=\"https:\/\/linitiative.ca\/International\/wp-content\/uploads\/sites\/23\/2022\/06\/S.M.-Le-Roi-763-x-468.jpg 763w, https:\/\/www.challenge.ma\/wp-content\/uploads\/2022\/06\/S.M.-Le-Roi-763-x-468-300x184.jpg 300w, https:\/\/www.challenge.ma\/wp-content\/uploads\/2022\/06\/S.M.-Le-Roi-763-x-468-360x221.jpg 360w, https:\/\/www.challenge.ma\/wp-content\/uploads\/2022\/06\/S.M.-Le-Roi-763-x-468-750x460.jpg 750w\" sizes=\"auto, (max-width: 763px) 100vw, 763px\" itemprop=\"image\">Sa Majest\u00e9 le Roi Mohammed VI a appel\u00e9, \u00e0 l\u2019occasion de la septi\u00e8me Conf\u00e9rence internationale de l\u2019UNESCO sur l\u2019Education des Adultes (CONFINTEA VII), \u00e0 la cr\u00e9ation de \u00abl\u2019Institut africain pour l\u2019apprentissage tout au long de la vie\u00bb. Dans un message adress\u00e9, ce 15 juin courant, aux participants \u00e0 cette conf\u00e9rence,<\/div>\n<p>Auteur: David J\u00e9r\u00e9mie<br \/>\n<a href=\"https:\/\/www.challenge.ma\/confintea-vii-s-m-le-roi-appelle-a-la-creation-de-linstitut-africain-pour-lapprentissage-tout-au-long-de-la-vie-240709\/\">Cliquez ici pour lire l&rsquo;article depuis sa source.<\/a><\/p>\n","protected":false},"excerpt":{"rendered":"<p>Sa Majest\u00e9 le Roi Mohammed VI a appel\u00e9, \u00e0 l\u2019occasion de la septi\u00e8me Conf\u00e9rence internationale de l\u2019UNESCO sur l\u2019Education des Adultes (CONFINTEA VII), \u00e0 la cr\u00e9ation de \u00abl\u2019Institut africain pour l\u2019apprentissage tout au long de la vie\u00bb. Dans un message adress\u00e9, ce 15 juin courant, aux participants \u00e0 cette conf\u00e9rence, Auteur: David J\u00e9r\u00e9mie Cliquez ici [&hellip;]<\/p>\n","protected":false},"author":1787,"featured_media":0,"comment_status":"closed","ping_status":"closed","sticky":false,"template":"","format":"standard","meta":{"fifu_image_url":"https:\/\/www.challenge.ma\/wp-content\/uploads\/2022\/06\/S.M.-Le-Roi-763-x-468.jpg","fifu_image_alt":"CONFINTEA VII : S.M. le Roi appelle \u00e0 la cr\u00e9ation de \u00abl\u2019Institut africain pour l\u2019apprentissage tout au long de la vie\u00bb","footnotes":""},"categories":[78,54],"tags":[],"class_list":["post-150229","post","type-post","status-publish","format-standard","hentry","category-economie","category-maroc"],"_links":{"self":[{"href":"https:\/\/linitiative.ca\/International\/wp-json\/wp\/v2\/posts\/150229","targetHints":{"allow":["GET"]}}],"collection":[{"href":"https:\/\/linitiative.ca\/International\/wp-json\/wp\/v2\/posts"}],"about":[{"href":"https:\/\/linitiative.ca\/International\/wp-json\/wp\/v2\/types\/post"}],"author":[{"embeddable":true,"href":"https:\/\/linitiative.ca\/International\/wp-json\/wp\/v2\/users\/1787"}],"replies":[{"embeddable":true,"href":"https:\/\/linitiative.ca\/International\/wp-json\/wp\/v2\/comments?post=150229"}],"version-history":[{"count":0,"href":"https:\/\/linitiative.ca\/International\/wp-json\/wp\/v2\/posts\/150229\/revisions"}],"wp:attachment":[{"href":"https:\/\/linitiative.ca\/International\/wp-json\/wp\/v2\/media?parent=150229"}],"wp:term":[{"taxonomy":"category","embeddable":true,"href":"https:\/\/linitiative.ca\/International\/wp-json\/wp\/v2\/categories?post=150229"},{"taxonomy":"post_tag","embeddable":true,"href":"https:\/\/linitiative.ca\/International\/wp-json\/wp\/v2\/tags?post=150229"}],"curies":[{"name":"wp","href":"https:\/\/api.w.org\/{rel}","templated":true}]}}