{"id":150235,"date":"2022-06-15T12:39:54","date_gmt":"2022-06-15T16:39:54","guid":{"rendered":"https:\/\/linitiative.ca\/International\/othmane-cherif-alami-le-sport-et-le-tourisme-doivent-etre-des-moteurs-de-developpement-et-de-promotion-des-territoires\/"},"modified":"2022-06-15T12:39:54","modified_gmt":"2022-06-15T16:39:54","slug":"othmane-cherif-alami-le-sport-et-le-tourisme-doivent-etre-des-moteurs-de-developpement-et-de-promotion-des-territoires","status":"publish","type":"post","link":"https:\/\/linitiative.ca\/International\/othmane-cherif-alami-le-sport-et-le-tourisme-doivent-etre-des-moteurs-de-developpement-et-de-promotion-des-territoires\/","title":{"rendered":"Othmane Cherif Alami : \u00ab\u00a0le sport et le tourisme doivent \u00eatre des moteurs de d\u00e9veloppement et de promotion des territoires\u00a0\u00bb"},"content":{"rendered":"<div><img decoding=\"async\" width=\"800\" height=\"472\" src=\"https:\/\/linitiative.ca\/International\/wp-content\/uploads\/sites\/23\/2022\/06\/tourisme-sportif-e1655311056973.png\" class=\"attachment-post-thumbnail size-post-thumbnail wp-post-image\" alt=\"\" loading=\"lazy\" itemprop=\"image\">La 29\u00e8me \u00e9dition des \u00ab\u00a0Mardis du Tourisme\u00a0\u00bb, organis\u00e9e par Premium Travel News, met le sport \u00e0 l\u2019honneur. Intitul\u00e9e \u00ab\u00a0Tourisme sportif\u00a0: entre potentiel et r\u00e9alit\u00e9\u00a0?\u00a0\u00bb, cette conf\u00e9rence a \u00e9t\u00e9 l\u2019occasion de d\u00e9battre de la place du sport en tant que levier de d\u00e9veloppement touristique et \u00e9conomique, avec la participation de Mehdi<\/div>\n<p>Auteur: Mehdi Ouazzani<br \/>\n<a href=\"https:\/\/www.challenge.ma\/othmane-cherif-alami-le-sport-et-le-tourisme-doivent-etre-des-moteurs-de-developpement-et-de-promotion-des-territoires-240720\/\">Cliquez ici pour lire l&rsquo;article depuis sa source.<\/a><\/p>\n","protected":false},"excerpt":{"rendered":"<p>La 29\u00e8me \u00e9dition des \u00ab\u00a0Mardis du Tourisme\u00a0\u00bb, organis\u00e9e par Premium Travel News, met le sport \u00e0 l\u2019honneur. Intitul\u00e9e \u00ab\u00a0Tourisme sportif\u00a0: entre potentiel et r\u00e9alit\u00e9\u00a0?\u00a0\u00bb, cette conf\u00e9rence a \u00e9t\u00e9 l\u2019occasion de d\u00e9battre de la place du sport en tant que levier de d\u00e9veloppement touristique et \u00e9conomique, avec la participation de Mehdi Auteur: Mehdi Ouazzani Cliquez ici [&hellip;]<\/p>\n","protected":false},"author":1787,"featured_media":0,"comment_status":"closed","ping_status":"closed","sticky":false,"template":"","format":"standard","meta":{"fifu_image_url":"https:\/\/www.challenge.ma\/wp-content\/uploads\/2022\/06\/tourisme-sportif-e1655311056973.png","fifu_image_alt":"Othmane Cherif Alami : \u00ab\u00a0le sport et le tourisme doivent \u00eatre des moteurs de d\u00e9veloppement et de promotion des territoires\u00a0\u00bb","footnotes":""},"categories":[78,54],"tags":[],"class_list":["post-150235","post","type-post","status-publish","format-standard","hentry","category-economie","category-maroc"],"_links":{"self":[{"href":"https:\/\/linitiative.ca\/International\/wp-json\/wp\/v2\/posts\/150235","targetHints":{"allow":["GET"]}}],"collection":[{"href":"https:\/\/linitiative.ca\/International\/wp-json\/wp\/v2\/posts"}],"about":[{"href":"https:\/\/linitiative.ca\/International\/wp-json\/wp\/v2\/types\/post"}],"author":[{"embeddable":true,"href":"https:\/\/linitiative.ca\/International\/wp-json\/wp\/v2\/users\/1787"}],"replies":[{"embeddable":true,"href":"https:\/\/linitiative.ca\/International\/wp-json\/wp\/v2\/comments?post=150235"}],"version-history":[{"count":0,"href":"https:\/\/linitiative.ca\/International\/wp-json\/wp\/v2\/posts\/150235\/revisions"}],"wp:attachment":[{"href":"https:\/\/linitiative.ca\/International\/wp-json\/wp\/v2\/media?parent=150235"}],"wp:term":[{"taxonomy":"category","embeddable":true,"href":"https:\/\/linitiative.ca\/International\/wp-json\/wp\/v2\/categories?post=150235"},{"taxonomy":"post_tag","embeddable":true,"href":"https:\/\/linitiative.ca\/International\/wp-json\/wp\/v2\/tags?post=150235"}],"curies":[{"name":"wp","href":"https:\/\/api.w.org\/{rel}","templated":true}]}}