{"id":15024,"date":"2019-02-17T15:18:06","date_gmt":"2019-02-17T20:18:06","guid":{"rendered":"https:\/\/linitiative.ca\/International\/rd-congo-tete-a-tete-felix-tshisekedi-joseph-kabila-dimanche-a-la-cite-de-lunion-africaine\/"},"modified":"2019-02-17T15:18:06","modified_gmt":"2019-02-17T20:18:06","slug":"rd-congo-tete-a-tete-felix-tshisekedi-joseph-kabila-dimanche-a-la-cite-de-lunion-africaine","status":"publish","type":"post","link":"https:\/\/linitiative.ca\/International\/rd-congo-tete-a-tete-felix-tshisekedi-joseph-kabila-dimanche-a-la-cite-de-lunion-africaine\/","title":{"rendered":"RD Congo : t\u00eate-\u00e0-t\u00eate F\u00e9lix Tshisekedi \u2013 Joseph Kabila dimanche \u00e0 la cit\u00e9 de l\u2019Union africaine"},"content":{"rendered":"<div readability=\"32\">\n<p>Publi\u00e9 le 17.02.2019 \u00e0 21h18 par APA News<\/p>\n<\/div>\n<div readability=\"53\">\n<p>Le pr\u00e9sident F\u00e9lix Tshisekedi Tshilombo s\u2019est entretenu avec l\u2019ancien pr\u00e9sident Joseph Kabila Kabange \u00e0 la demande de ce dernier, dimanche \u00e0 la cit\u00e9 de l\u2019Union africaine dans la commune de Mont Ngaliema \u00e0 Kinshasa.M\u00eame si aucune d\u00e9claration n\u2019a \u00e9t\u00e9 faite \u00e0 l\u2019issue de cette rencontre, d\u2019aucuns croient savoir que la formation du prochain gouvernement a \u00e9t\u00e9 tr\u00e8s probablement \u00e9voqu\u00e9e par les deux personnalit\u00e9s.\u00a0<\/p>\n<p>L\u2019ex chef de l\u2019Etat d\u00e9tient avec ses partisans la majorit\u00e9 \u00e0 l\u2019Assembl\u00e9e nationale \u00e0 l\u2019issue des l\u00e9gislatives du 30 d\u00e9cembre 2018. La constitution congolaise stipule que le premier ministre doit \u00eatre issu de la majorit\u00e9 parlementaire.<\/p>\n<p>\u00a0Le pr\u00e9sident sortant avait pr\u00e9conis\u00e9, dans son dernier discours \u00e0 la nation, la cr\u00e9ation d\u2019un gouvernement de \u00a0\u00ab coalition \u00bb au lieu d\u2019un gouvernement de \u00ab cohabitation \u00bb.<\/p>\n<p><ins data-revive-zoneid=\"9\" data-revive-id=\"10111e19d28d19d031742ee3b0b33eb0\"\/> <\/p>\n<p>La rencontre entre Tshisekedi et Kabila intervient au lendemain d\u2019une d\u00e9claration publi\u00e9e samedi \u00e0 Kinshasa par l\u2019ancienne \u00ab Majorit\u00e9 pr\u00e9sidentielle \u00bb qui a chang\u00e9 d\u2019appellation pour devenir \u00ab Majorit\u00e9 \u00bb tout court et qui offrait au pr\u00e9sident Tshisekedi sa disponibilit\u00e9 \u00e0 travailler, au nom de la coh\u00e9sion nationale, en \u00ab synergie d\u2019action et en partenaires responsables \u00bb.<\/p>\n<\/div>\n<p>Auteur: APA News<br \/>\n<a href=\"https:\/\/www.journalducameroun.com\/rd-congo-tete-a-tete-felix-tshisekedi-joseph-kabila-dimanche-a-la-cite-de-lunion-africaine\/\">Cliquez ici pour lire l&rsquo;article depuis sa source.<\/a><\/p>\n","protected":false},"excerpt":{"rendered":"<p>Publi\u00e9 le 17.02.2019 \u00e0 21h18 par APA News Le pr\u00e9sident F\u00e9lix Tshisekedi Tshilombo s\u2019est entretenu avec l\u2019ancien pr\u00e9sident Joseph Kabila Kabange \u00e0 la demande de ce dernier, dimanche \u00e0 la cit\u00e9 de l\u2019Union africaine dans la commune de Mont Ngaliema \u00e0 Kinshasa.M\u00eame si aucune d\u00e9claration n\u2019a \u00e9t\u00e9 faite \u00e0 l\u2019issue de cette rencontre, d\u2019aucuns croient [&hellip;]<\/p>\n","protected":false},"author":1965,"featured_media":0,"comment_status":"closed","ping_status":"closed","sticky":false,"template":"","format":"standard","meta":{"fifu_image_url":"","fifu_image_alt":"","footnotes":""},"categories":[73,82],"tags":[],"class_list":["post-15024","post","type-post","status-publish","format-standard","hentry","category-actualite","category-cameroun"],"_links":{"self":[{"href":"https:\/\/linitiative.ca\/International\/wp-json\/wp\/v2\/posts\/15024","targetHints":{"allow":["GET"]}}],"collection":[{"href":"https:\/\/linitiative.ca\/International\/wp-json\/wp\/v2\/posts"}],"about":[{"href":"https:\/\/linitiative.ca\/International\/wp-json\/wp\/v2\/types\/post"}],"author":[{"embeddable":true,"href":"https:\/\/linitiative.ca\/International\/wp-json\/wp\/v2\/users\/1965"}],"replies":[{"embeddable":true,"href":"https:\/\/linitiative.ca\/International\/wp-json\/wp\/v2\/comments?post=15024"}],"version-history":[{"count":0,"href":"https:\/\/linitiative.ca\/International\/wp-json\/wp\/v2\/posts\/15024\/revisions"}],"wp:attachment":[{"href":"https:\/\/linitiative.ca\/International\/wp-json\/wp\/v2\/media?parent=15024"}],"wp:term":[{"taxonomy":"category","embeddable":true,"href":"https:\/\/linitiative.ca\/International\/wp-json\/wp\/v2\/categories?post=15024"},{"taxonomy":"post_tag","embeddable":true,"href":"https:\/\/linitiative.ca\/International\/wp-json\/wp\/v2\/tags?post=15024"}],"curies":[{"name":"wp","href":"https:\/\/api.w.org\/{rel}","templated":true}]}}