{"id":150240,"date":"2022-06-15T15:24:55","date_gmt":"2022-06-15T19:24:55","guid":{"rendered":"https:\/\/linitiative.ca\/International\/la-coordination-des-structures-juridiques-appelle-a-une-ag\/"},"modified":"2022-06-15T15:24:55","modified_gmt":"2022-06-15T19:24:55","slug":"la-coordination-des-structures-juridiques-appelle-a-une-ag","status":"publish","type":"post","link":"https:\/\/linitiative.ca\/International\/la-coordination-des-structures-juridiques-appelle-a-une-ag\/","title":{"rendered":"La coordination des structures juridiques appelle \u00e0 une AG"},"content":{"rendered":"<div>\n<p>En corr\u00e9lation \u00e0 la gr\u00e8ve d\u00e9clench\u00e9e par les magistrats depuis le 6 juin 2022 en protestation contre le d\u00e9cret N\u00b0 35 de l\u2019ann\u00e9e 2022 et contre le d\u00e9cret pr\u00e9sidentiel N\u00b0 516 de l\u2019ann\u00e9e 2022 sur fond de limogeage de 57 magistrats,la coordination des structures juridiques appelle \u00e0 une mobilisation totale de tous les magistrats notaires [\u2026]<\/p>\n<p>L\u2019article <a href=\"https:\/\/www.tunisienumerique.com\/la-coordination-des-structures-juridiques-appelle-a-une-ag\/\">La coordination des structures juridiques appelle \u00e0 une AG<\/a> est apparu en premier sur <a href=\"https:\/\/www.tunisienumerique.com\/\">Tunisie<\/a>.<\/p>\n<\/div>\n<p>Auteur: Hafedh Trabelsi<br \/>\n<a href=\"https:\/\/www.tunisienumerique.com\/la-coordination-des-structures-juridiques-appelle-a-une-ag\/\">Cliquez ici pour lire l&rsquo;article depuis sa source.<\/a><\/p>\n","protected":false},"excerpt":{"rendered":"<p>En corr\u00e9lation \u00e0 la gr\u00e8ve d\u00e9clench\u00e9e par les magistrats depuis le 6 juin 2022 en protestation contre le d\u00e9cret N\u00b0 35 de l\u2019ann\u00e9e 2022 et contre le d\u00e9cret pr\u00e9sidentiel N\u00b0 516 de l\u2019ann\u00e9e 2022 sur fond de limogeage de 57 magistrats,la coordination des structures juridiques appelle \u00e0 une mobilisation totale de tous les magistrats notaires [&hellip;]<\/p>\n","protected":false},"author":1789,"featured_media":0,"comment_status":"closed","ping_status":"closed","sticky":false,"template":"","format":"standard","meta":{"fifu_image_url":"","fifu_image_alt":"","footnotes":""},"categories":[73,55],"tags":[],"class_list":["post-150240","post","type-post","status-publish","format-standard","hentry","category-actualite","category-tunisie"],"_links":{"self":[{"href":"https:\/\/linitiative.ca\/International\/wp-json\/wp\/v2\/posts\/150240","targetHints":{"allow":["GET"]}}],"collection":[{"href":"https:\/\/linitiative.ca\/International\/wp-json\/wp\/v2\/posts"}],"about":[{"href":"https:\/\/linitiative.ca\/International\/wp-json\/wp\/v2\/types\/post"}],"author":[{"embeddable":true,"href":"https:\/\/linitiative.ca\/International\/wp-json\/wp\/v2\/users\/1789"}],"replies":[{"embeddable":true,"href":"https:\/\/linitiative.ca\/International\/wp-json\/wp\/v2\/comments?post=150240"}],"version-history":[{"count":0,"href":"https:\/\/linitiative.ca\/International\/wp-json\/wp\/v2\/posts\/150240\/revisions"}],"wp:attachment":[{"href":"https:\/\/linitiative.ca\/International\/wp-json\/wp\/v2\/media?parent=150240"}],"wp:term":[{"taxonomy":"category","embeddable":true,"href":"https:\/\/linitiative.ca\/International\/wp-json\/wp\/v2\/categories?post=150240"},{"taxonomy":"post_tag","embeddable":true,"href":"https:\/\/linitiative.ca\/International\/wp-json\/wp\/v2\/tags?post=150240"}],"curies":[{"name":"wp","href":"https:\/\/api.w.org\/{rel}","templated":true}]}}