{"id":150241,"date":"2022-06-15T15:44:43","date_gmt":"2022-06-15T19:44:43","guid":{"rendered":"https:\/\/linitiative.ca\/International\/le-ministre-des-affaires-religieuses-certains-guettent-le-pays-en-cette-periode-declaration\/"},"modified":"2022-06-15T15:44:43","modified_gmt":"2022-06-15T19:44:43","slug":"le-ministre-des-affaires-religieuses-certains-guettent-le-pays-en-cette-periode-declaration","status":"publish","type":"post","link":"https:\/\/linitiative.ca\/International\/le-ministre-des-affaires-religieuses-certains-guettent-le-pays-en-cette-periode-declaration\/","title":{"rendered":"Le ministre des affaires religieuses : certains guettent le pays en cette p\u00e9riode (d\u00e9claration)"},"content":{"rendered":"<div>\n<p>Le ministre des affaires religieuses a manifest\u00e9 son soutien et son empathie au ministre de l\u2019int\u00e9rieur suite au d\u00e9c\u00e8s de son conjoint dans un accident de fuite de gaz \u00e0 son domicile ,citant pour les circonstances que le ministre de l\u2019int\u00e9rieur a \u00e9t\u00e9 toujours un exemple \u00e0 m\u00e9diter dans son d\u00e9vouement pour son m\u00e9tier et [\u2026]<\/p>\n<p>L\u2019article <a href=\"https:\/\/www.tunisienumerique.com\/le-ministre-des-affaires-religieuses-certains-guettent-le-pays-en-cette-periode-declaration\/\">Le ministre des affaires religieuses : certains guettent le pays en cette p\u00e9riode (d\u00e9claration)<\/a> est apparu en premier sur <a href=\"https:\/\/www.tunisienumerique.com\/\">Tunisie<\/a>.<\/p>\n<\/div>\n<p>Auteur: Hafedh Trabelsi<br \/>\n<a href=\"https:\/\/www.tunisienumerique.com\/le-ministre-des-affaires-religieuses-certains-guettent-le-pays-en-cette-periode-declaration\/\">Cliquez ici pour lire l&rsquo;article depuis sa source.<\/a><\/p>\n","protected":false},"excerpt":{"rendered":"<p>Le ministre des affaires religieuses a manifest\u00e9 son soutien et son empathie au ministre de l\u2019int\u00e9rieur suite au d\u00e9c\u00e8s de son conjoint dans un accident de fuite de gaz \u00e0 son domicile ,citant pour les circonstances que le ministre de l\u2019int\u00e9rieur a \u00e9t\u00e9 toujours un exemple \u00e0 m\u00e9diter dans son d\u00e9vouement pour son m\u00e9tier et [&hellip;]<\/p>\n","protected":false},"author":1789,"featured_media":0,"comment_status":"closed","ping_status":"closed","sticky":false,"template":"","format":"standard","meta":{"fifu_image_url":"","fifu_image_alt":"","footnotes":""},"categories":[73,55],"tags":[],"class_list":["post-150241","post","type-post","status-publish","format-standard","hentry","category-actualite","category-tunisie"],"_links":{"self":[{"href":"https:\/\/linitiative.ca\/International\/wp-json\/wp\/v2\/posts\/150241","targetHints":{"allow":["GET"]}}],"collection":[{"href":"https:\/\/linitiative.ca\/International\/wp-json\/wp\/v2\/posts"}],"about":[{"href":"https:\/\/linitiative.ca\/International\/wp-json\/wp\/v2\/types\/post"}],"author":[{"embeddable":true,"href":"https:\/\/linitiative.ca\/International\/wp-json\/wp\/v2\/users\/1789"}],"replies":[{"embeddable":true,"href":"https:\/\/linitiative.ca\/International\/wp-json\/wp\/v2\/comments?post=150241"}],"version-history":[{"count":0,"href":"https:\/\/linitiative.ca\/International\/wp-json\/wp\/v2\/posts\/150241\/revisions"}],"wp:attachment":[{"href":"https:\/\/linitiative.ca\/International\/wp-json\/wp\/v2\/media?parent=150241"}],"wp:term":[{"taxonomy":"category","embeddable":true,"href":"https:\/\/linitiative.ca\/International\/wp-json\/wp\/v2\/categories?post=150241"},{"taxonomy":"post_tag","embeddable":true,"href":"https:\/\/linitiative.ca\/International\/wp-json\/wp\/v2\/tags?post=150241"}],"curies":[{"name":"wp","href":"https:\/\/api.w.org\/{rel}","templated":true}]}}