{"id":150248,"date":"2022-06-15T12:18:03","date_gmt":"2022-06-15T16:18:03","guid":{"rendered":"https:\/\/linitiative.ca\/International\/le-maroc-et-lespagne-veulent-renforcer-la-cooperation-dans-les-domaines-des-migrations-et-de-la-securite\/"},"modified":"2022-06-15T12:18:03","modified_gmt":"2022-06-15T16:18:03","slug":"le-maroc-et-lespagne-veulent-renforcer-la-cooperation-dans-les-domaines-des-migrations-et-de-la-securite","status":"publish","type":"post","link":"https:\/\/linitiative.ca\/International\/le-maroc-et-lespagne-veulent-renforcer-la-cooperation-dans-les-domaines-des-migrations-et-de-la-securite\/","title":{"rendered":"Le Maroc et l\u2019Espagne veulent renforcer la coop\u00e9ration dans les domaines des migrations et de la s\u00e9curit\u00e9"},"content":{"rendered":"<div>\n<p><img decoding=\"async\" width=\"1116\" height=\"623\" src=\"https:\/\/linitiative.ca\/International\/wp-content\/uploads\/sites\/23\/2022\/06\/16553098835914.jpg\" class=\"attachment-post-thumbnail size-post-thumbnail wp-post-image\" alt=\"\" loading=\"lazy\" srcset=\"https:\/\/linitiative.ca\/International\/wp-content\/uploads\/sites\/23\/2022\/06\/16553098835914.jpg 1116w, https:\/\/www.journalducameroun.com\/wp-content\/uploads\/2022\/06\/16553098835914-300x167.jpg 300w, https:\/\/www.journalducameroun.com\/wp-content\/uploads\/2022\/06\/16553098835914-1024x572.jpg 1024w, https:\/\/www.journalducameroun.com\/wp-content\/uploads\/2022\/06\/16553098835914-768x429.jpg 768w, https:\/\/www.journalducameroun.com\/wp-content\/uploads\/2022\/06\/16553098835914-160x90.jpg 160w, https:\/\/www.journalducameroun.com\/wp-content\/uploads\/2022\/06\/16553098835914-240x135.jpg 240w, https:\/\/www.journalducameroun.com\/wp-content\/uploads\/2022\/06\/16553098835914-788x440.jpg 788w, https:\/\/www.journalducameroun.com\/wp-content\/uploads\/2022\/06\/16553098835914-600x335.jpg 600w\" sizes=\"auto, (max-width: 1116px) 100vw, 1116px\"><\/p>\n<p>Le ministre marocain de l&rsquo;Int\u00e9rieur, Abdelouafi Laftit, et son homologue espagnol, Monsieur Fernando Grande-Marlaska, ont tenu, ce mercredi \u00e0 Madrid, une r\u00e9union de travail lors de laquelle ils ont eu des discussions approfondies autour des sujets d&rsquo;int\u00e9r\u00eat commun.Lors de cette rencontre, les deux ministres ont rappel\u00e9 l&rsquo;importance strat\u00e9gique des relations entre les deux Royaumes, les deux parties se sont f\u00e9licit\u00e9s de l&rsquo;exemplarit\u00e9 de la coop\u00e9ration entre les services des minist\u00e8res de l&rsquo;Int\u00e9rieur des deux pays, qui vient en concr\u00e9tisation de la nouvelle dynamique in\u00e9dite dans les relations entre les deux pays, fond\u00e9e sur la transparence, le respect mutuel, la confiance r\u00e9ciproque, la coop\u00e9ration franche et loyale et la concertation permanente, indique un communiqu\u00e9 du minist\u00e8re marocain de l&rsquo;Int\u00e9rieur parvenu \u00e0 APA.<\/p>\n<p>\u00c0 cette occasion, les deux ministres ont salu\u00e9 les efforts d\u00e9ploy\u00e9s pour la concr\u00e9tisation progressive des diff\u00e9rents \u00e9l\u00e9ments de la feuille de route adopt\u00e9e au terme des discussions entre le Roi Mohammed VI et le Pr\u00e9sident du gouvernement espagnol, Pedro S\u00e1nchez, lors de sa visite officielle au Maroc en avril dernier.<\/p>\n<p>Ils ont aussi mis l&rsquo;accent sur la coop\u00e9ration maroco-espagnole exemplaire dans les domaines des migrations et de la s\u00e9curit\u00e9, notamment la lutte contre le terrorisme et la criminalit\u00e9 transnationale, soulignant la n\u00e9cessit\u00e9 de renforcer davantage leur coop\u00e9ration en la mati\u00e8re.<\/p>\n<p>De m\u00eame, les deux parties ont mis en \u00e9vidence l&rsquo;importance de la pr\u00e9servation d&rsquo;un environnement de s\u00e9curit\u00e9 et de stabilit\u00e9 r\u00e9gionale, qui reste un objectif fondamental et une responsabilit\u00e9 partag\u00e9e, n\u00e9cessitant une coop\u00e9ration efficace dans tous les domaines pour faire face aux d\u00e9fis et menaces pesant sur la s\u00e9curit\u00e9 des deux pays.<\/p>\n<p>Elles se sont f\u00e9licit\u00e9es de la reprise de l&rsquo;op\u00e9ration Marhaba\/Transit et ont convenu de renforcer la coordination entre leurs d\u00e9partements respectifs \u00e0 l&rsquo;effet de lui assurer le meilleur niveau de r\u00e9ussite, saluant , \u00e0 cet \u00e9gard, le r\u00f4le de la Fondation Mohammed V pour la solidarit\u00e9 dans le pilotage de cette op\u00e9ration.<\/p>\n<p>Cet article <a rel=\"nofollow\" href=\"https:\/\/www.journalducameroun.com\/le-maroc-et-lespagne-veulent-renforcer-la-cooperation-dans-les-domaines-des-migrations-et-de-la-securite\/\">Le Maroc et l\u2019Espagne veulent renforcer la coop\u00e9ration dans les domaines des migrations et de la s\u00e9curit\u00e9<\/a> est apparu en premier sur <a rel=\"nofollow\" href=\"https:\/\/www.journalducameroun.com\/\">Journal du Cameroun<\/a>.<\/p>\n<\/div>\n<p>Auteur: APA News<br \/>\n<a href=\"https:\/\/www.journalducameroun.com\/le-maroc-et-lespagne-veulent-renforcer-la-cooperation-dans-les-domaines-des-migrations-et-de-la-securite\/\">Cliquez ici pour lire l&rsquo;article depuis sa source.<\/a><\/p>\n","protected":false},"excerpt":{"rendered":"<p>Le ministre marocain de l&rsquo;Int\u00e9rieur, Abdelouafi Laftit, et son homologue espagnol, Monsieur Fernando Grande-Marlaska, ont tenu, ce mercredi \u00e0 Madrid, une r\u00e9union de travail lors de laquelle ils ont eu des discussions approfondies autour des sujets d&rsquo;int\u00e9r\u00eat commun.Lors de cette rencontre, les deux ministres ont rappel\u00e9 l&rsquo;importance strat\u00e9gique des relations entre les deux Royaumes, les [&hellip;]<\/p>\n","protected":false},"author":1965,"featured_media":0,"comment_status":"closed","ping_status":"closed","sticky":false,"template":"","format":"standard","meta":{"fifu_image_url":"https:\/\/www.journalducameroun.com\/wp-content\/uploads\/2022\/06\/16553098835914.jpg","fifu_image_alt":"Le Maroc et l\u2019Espagne veulent renforcer la coop\u00e9ration dans les domaines des migrations et de la s\u00e9curit\u00e9","footnotes":""},"categories":[73,82],"tags":[],"class_list":["post-150248","post","type-post","status-publish","format-standard","hentry","category-actualite","category-cameroun"],"_links":{"self":[{"href":"https:\/\/linitiative.ca\/International\/wp-json\/wp\/v2\/posts\/150248","targetHints":{"allow":["GET"]}}],"collection":[{"href":"https:\/\/linitiative.ca\/International\/wp-json\/wp\/v2\/posts"}],"about":[{"href":"https:\/\/linitiative.ca\/International\/wp-json\/wp\/v2\/types\/post"}],"author":[{"embeddable":true,"href":"https:\/\/linitiative.ca\/International\/wp-json\/wp\/v2\/users\/1965"}],"replies":[{"embeddable":true,"href":"https:\/\/linitiative.ca\/International\/wp-json\/wp\/v2\/comments?post=150248"}],"version-history":[{"count":0,"href":"https:\/\/linitiative.ca\/International\/wp-json\/wp\/v2\/posts\/150248\/revisions"}],"wp:attachment":[{"href":"https:\/\/linitiative.ca\/International\/wp-json\/wp\/v2\/media?parent=150248"}],"wp:term":[{"taxonomy":"category","embeddable":true,"href":"https:\/\/linitiative.ca\/International\/wp-json\/wp\/v2\/categories?post=150248"},{"taxonomy":"post_tag","embeddable":true,"href":"https:\/\/linitiative.ca\/International\/wp-json\/wp\/v2\/tags?post=150248"}],"curies":[{"name":"wp","href":"https:\/\/api.w.org\/{rel}","templated":true}]}}