{"id":150258,"date":"2022-06-15T12:45:35","date_gmt":"2022-06-15T16:45:35","guid":{"rendered":"https:\/\/linitiative.ca\/International\/camtel-va-fournir-des-services-numeriques-au-minfopra\/"},"modified":"2022-06-15T12:45:35","modified_gmt":"2022-06-15T16:45:35","slug":"camtel-va-fournir-des-services-numeriques-au-minfopra","status":"publish","type":"post","link":"https:\/\/linitiative.ca\/International\/camtel-va-fournir-des-services-numeriques-au-minfopra\/","title":{"rendered":"Camtel va fournir des services num\u00e9riques au Minfopra"},"content":{"rendered":"<div>\n<p>La Cameroon Telecommunications(- Camtel), a sign\u00e9 le 13 juin 2022, une convention de partenariat avec le minist\u00e8re de la Fonction Publique et de la R\u00e9forme Administrative (Minfopra). \u00ab Cet important accord est en gestation depuis le 04 mai 2021, date \u00e0 laquelle le minist\u00e8re de la Fonction Publique et de la R\u00e9forme Administrative a effectu\u00e9 une visite guid\u00e9e du data center de Zamengo\u00e9. C\u2019\u00e9tait \u00e0 l\u2019invitation du nouveau syst\u00e8me informa- tique de gestion int\u00e9gr\u00e9e des personnes de l\u2019Etat et de la solde (Sigipes II) \u00bb, renseigne- t-on Camtel.<\/p>\n<p>Concr\u00e8tement, la pr\u00e9sente convention vise, pour Camtel mettre \u00e0 la disposition du Minfopra, diverses prestations num\u00e9riques parmi lesquelles : des connexions s\u00e9curis\u00e9es et redondantes \u00e0 l\u2019internet, l\u2019interconnexion haut d\u00e9bit par liaison sp\u00e9cialis\u00e9es en fibre optique ou radio et une solution de s\u00e9curisation des donn\u00e9es ainsi que l\u2019acc\u00e8s aux services du data center Zamengo\u00e9, inaugur\u00e9 en 2020 sur une superficie de 3019 m2.<\/p>\n<p><strong>Lire aussi : <a href=\"https:\/\/ecomatin.net\/camtel-sappuie-sur-mtn-pour-etendre-son-reseau-dans-les-zones-non-couvertes-s-du-pays\/\" target=\"_blank\" rel=\"noreferrer noopener\">Camtel s\u2019appuie sur Mtn pour \u00e9tendre son r\u00e9seau dans les zones non couvertes du pays<\/a><\/strong><\/p>\n<p>Au minist\u00e8re de la Fonction Publique et de la R\u00e9forme Administrative, on renseigne que la convention va servir \u00e0 la consultation des dossiers en ligne ; l\u2019inscription en ligne aux concours administratifs ; la simplification des proc\u00e9dures; la num\u00e9risation des dossiers d\u2019int\u00e9gration des futurs fonctionnaires et agents et l\u2019Etat ; la cartographie des postes de travail ; la messagerie professionnelle ; le fonctionnement optimal du Sigipes en r\u00e9gion et la certification des actes de carri\u00e8res en r\u00e9gion.<\/p>\n<p><strong>Lire aussi : <a href=\"https:\/\/ecomatin.net\/telecommunications-camtel-pose-1200km-de-fibre-optique-pour-ameliorer-la-couverture-numerique-nationale\/\" target=\"_blank\" rel=\"noreferrer noopener\">T\u00e9l\u00e9communications : Camtel pose 1200km de fibre optique pour am\u00e9liorer la couverture num\u00e9rique nationale<\/a><\/strong><\/p>\n<p>Le 13 novembre 2019, le Minfopra avait aussi sign\u00e9 un accord de partenariat avec la filiale locale du Groupe sud-africain Mobile MTN Cameroon. Selon les termes du partenariat, le d\u00e9partement minist\u00e9riel devrait s\u2019appuyer sur l\u2019expertise de MTN pour am\u00e9liorer la qua- lit\u00e9 de service rendu aux milliers d\u2019agents de l\u2019Etat aussi bien dans les services centraux que pour les services d\u00e9concentr\u00e9s diss\u00e9min\u00e9s dans les dix r\u00e9gions du pays. \u00ab De mani\u00e8re plus concr\u00e8te, des solutions num\u00e9riques seront d\u00e9velopp\u00e9es pour fournir des moyens simples, rapides et s\u00e9curis\u00e9s permettant d\u2019obtenir les informations dont auront besoin le personnel de l\u2019Etat ainsi que l\u2019ensemble des usagers \u00bb, pr\u00e9cisait \u00e0 l\u2019\u00e9poque l\u2019op\u00e9rateur de t\u00e9l\u00e9phonie mobile dans un communiqu\u00e9.<\/p>\n<p>Pour le ministre LE, \u00ab l\u2019am\u00e9lioration et la satisfaction des usagers qui sollicitent le minist\u00e8re que je dirige est une priorit\u00e9 absolue. Les solutions offertes par le num\u00e9rique sont une opportunit\u00e9 \u00e0 saisir pour y arriver. Nous esp\u00e9rons donc que ce partenariat avec MTN Cameroon va nous permettre d\u2019atteindre nos objectifs d\u2019efficacit\u00e9, de r\u00e9duction des co\u00fbts et surtout de satisfaction des agents de l\u2019Etat \u00bb.<\/p>\n<p><strong>Lire aussi : <a href=\"https:\/\/ecomatin.net\/selon-le-minfopra-les-usagers-font-des-economies-de-900-millions-de-f-grace-a-la-decentralisation-des-services\/\" target=\"_blank\" rel=\"noreferrer noopener\">Selon le Minfopra, les usagers font des \u00e9conomies de 900 millions de F gr\u00e2ce \u00e0 la d\u00e9centralisation des services<\/a><\/strong><\/p>\n<p>Notons que malgr\u00e9 les avanc\u00e9es en mati\u00e8re de construction des infrastructures r\u00e9alis\u00e9es au\u00a0\u00a0cours des 20 derni\u00e8res ann\u00e9es, notamment le d\u00e9ploiement de la fibre optique, certaines administrations, surtout publiques, trainent encore le pas pour effectuer leur transformation digitale. Ce en d\u00e9pit des appels du pr\u00e9sident de la R\u00e9publique d\u2019\u00ab int\u00e9grer les progr\u00e8s du num\u00e9rique dans le fonctionnement de nos services publics et de notre \u00e9conomie (\u2026)\u00bb.<\/p>\n<p>L\u2019article <a rel=\"nofollow\" href=\"https:\/\/ecomatin.net\/camtel-va-fournir-des-services-numeriques-au-minfopra\/\">Camtel va fournir des services num\u00e9riques au Minfopra<\/a> est apparu en premier sur <a rel=\"nofollow\" href=\"https:\/\/ecomatin.net\/\">EcoMatin<\/a>.<\/p>\n<\/div>\n<p>Auteur: Amina MALLOUM<br \/>\n<a href=\"https:\/\/ecomatin.net\/camtel-va-fournir-des-services-numeriques-au-minfopra\/\">Cliquez ici pour lire l&rsquo;article depuis sa source.<\/a><\/p>\n","protected":false},"excerpt":{"rendered":"<p>La Cameroon Telecommunications(- Camtel), a sign\u00e9 le 13 juin 2022, une convention de partenariat avec le minist\u00e8re de la Fonction Publique et de la R\u00e9forme Administrative (Minfopra). \u00ab Cet important accord est en gestation depuis le 04 mai 2021, date \u00e0 laquelle le minist\u00e8re de la Fonction Publique et de la R\u00e9forme Administrative a effectu\u00e9 [&hellip;]<\/p>\n","protected":false},"author":1969,"featured_media":0,"comment_status":"closed","ping_status":"closed","sticky":false,"template":"","format":"standard","meta":{"fifu_image_url":"","fifu_image_alt":"","footnotes":""},"categories":[82,78],"tags":[],"class_list":["post-150258","post","type-post","status-publish","format-standard","hentry","category-cameroun","category-economie"],"_links":{"self":[{"href":"https:\/\/linitiative.ca\/International\/wp-json\/wp\/v2\/posts\/150258","targetHints":{"allow":["GET"]}}],"collection":[{"href":"https:\/\/linitiative.ca\/International\/wp-json\/wp\/v2\/posts"}],"about":[{"href":"https:\/\/linitiative.ca\/International\/wp-json\/wp\/v2\/types\/post"}],"author":[{"embeddable":true,"href":"https:\/\/linitiative.ca\/International\/wp-json\/wp\/v2\/users\/1969"}],"replies":[{"embeddable":true,"href":"https:\/\/linitiative.ca\/International\/wp-json\/wp\/v2\/comments?post=150258"}],"version-history":[{"count":0,"href":"https:\/\/linitiative.ca\/International\/wp-json\/wp\/v2\/posts\/150258\/revisions"}],"wp:attachment":[{"href":"https:\/\/linitiative.ca\/International\/wp-json\/wp\/v2\/media?parent=150258"}],"wp:term":[{"taxonomy":"category","embeddable":true,"href":"https:\/\/linitiative.ca\/International\/wp-json\/wp\/v2\/categories?post=150258"},{"taxonomy":"post_tag","embeddable":true,"href":"https:\/\/linitiative.ca\/International\/wp-json\/wp\/v2\/tags?post=150258"}],"curies":[{"name":"wp","href":"https:\/\/api.w.org\/{rel}","templated":true}]}}