{"id":150259,"date":"2022-06-15T12:49:30","date_gmt":"2022-06-15T16:49:30","guid":{"rendered":"https:\/\/linitiative.ca\/International\/prix-pierre-castel-2022-les-finalistes-qui-representeront-le-cameroun-devant-le-jury-de-bordeaux-sont-connus\/"},"modified":"2022-06-15T12:49:30","modified_gmt":"2022-06-15T16:49:30","slug":"prix-pierre-castel-2022-les-finalistes-qui-representeront-le-cameroun-devant-le-jury-de-bordeaux-sont-connus","status":"publish","type":"post","link":"https:\/\/linitiative.ca\/International\/prix-pierre-castel-2022-les-finalistes-qui-representeront-le-cameroun-devant-le-jury-de-bordeaux-sont-connus\/","title":{"rendered":"Prix Pierre Castel 2022\u00a0:\u00a0les finalistes qui repr\u00e9senteront le Cameroun devant le jury de Bordeaux sont connus"},"content":{"rendered":"<div>\n<p>Le jury du prix Pierre Castel 2022 pour le Cameroun a d\u00e9voil\u00e9 le 9 juin dernier les deux finalistes de la 5e \u00e9dition, dans une note publi\u00e9e sur la page Facebook du Groupe Soci\u00e9t\u00e9 anonyme des brasseries du Cameroun (Sabc). Il s\u2019agit de Kaltoume Idrissou, \u00e9pse Aboubakar, promotrice de l\u2019entreprise Cafadec Sarl, sp\u00e9cialis\u00e9e dans la production de farine \u00e0 partir des tubercules de manioc sous la marque \u00ab Les paniers de Bintou \u00bb ; et de Nenda Pascaline Akinbode, promotrice de Lamana Sarl, sp\u00e9cialis\u00e9e dans la production et la commercialisation des c\u00e9r\u00e9ales et pur\u00e9e infantiles sous les marques \u00ab Blessolac et Blesso\u2019fruits \u00bb. Les deux entrepreneures ont \u00e9t\u00e9 s\u00e9lectionn\u00e9es parmi les six candidats pr\u00e9s\u00e9lectionn\u00e9s (3 hommes et 3 femmes) et auditionn\u00e9s par le jury Cameroun le 7 juin dernier, dont Tagou Manezou Collins avec \u00ab l\u2019Association Tremplin de la jeunesse camerounaise \u00bb ; Thekinfack Younda Thomas et son projet \u00ab Fine biscuit industries LTD \u00bb ; Gislaine Matiedje Nkenmayi, avec \u00ab Mumita holdings \u00bb et Percy Ndieh- Cheh Fonge et le projet \u00ab D\u2019farma venture \u00bb.<\/p>\n<p><strong>Lire aussi : <a href=\"https:\/\/ecomatin.net\/prix-pierre-castel-les-6-candidats-s-preselectionnes-sont-connus\/\" target=\"_blank\" rel=\"noreferrer noopener\">Prix Pierre Castel\u00a0: les 6 candidats pr\u00e9s\u00e9lectionn\u00e9s sont connus<\/a><\/strong><\/p>\n<p>A propos des deux finalistes, \u00ab les Paniers de Bintou \u00bb est une initiative lanc\u00e9e par de Kaltoume Idrissou en 2013, qui avait pr\u00e9alablement vocation \u00e0 livrer des fruits et l\u00e9gumes \u00e0 domicile. \u00ab A la base, j\u2019avais constat\u00e9 autour de moi que les femmes entrepreneures sont tellement occup\u00e9es par leur travail que faire leurs courses pour elles est un vrai calvaire. Je me suis donc demand\u00e9 pourquoi ne pas d\u00e9velopper une activit\u00e9 qui permettrait de r\u00e9soudre ce probl\u00e8me. Ma volont\u00e9 et ma motivation aidant je r\u00e9ussis finalement \u00e0 mat\u00e9rialiser mon concept \u00bb, confiait la promotrice de \u00ab les paniers de Bintou \u00bb au site d\u2019informations \u00ab Investir au Cameroun \u00bb en 2018.<\/p>\n<p><strong>Lire aussi : <a href=\"https:\/\/ecomatin.net\/agro-industrie-le-fonds-pierre-castel-a-soutenu-5-programmes-au-cameroun-en-un-an\/\" target=\"_blank\" rel=\"noreferrer noopener\">Agro-industrie\u00a0: le Fonds Pierre Castel a soutenu 5 programmes au Cameroun en un an<\/a><\/strong><\/p>\n<p>La startup Lamana Sarl de Nenda Pascaline Akinbode produit et commercialise les c\u00e9r\u00e9ales infantiles instantan\u00e9e made in Cameroon pour nourrissons et enfants en bas \u00e2ge sous les marques \u00ab Blessolac et Blesso\u2019fruits \u00bb. En effet, Blesolac signifie Bl\u00e9 Soja Lact\u00e9e, qui est la premi\u00e8re vari\u00e9t\u00e9 ou saveur de Lamana, n\u00e9e pour assurer la continuit\u00e9 de la croissance et de la sant\u00e9 des nourrissons (d\u00e8s 6 mois) et enfants en bas \u00e2ge. \u00ab Vu que le lait maternel devient insuffisant \u00e0 partir du 6e mois, l\u2019introduction de la diversification alimentaire dans l\u2019alimentation du nourrisson s\u2019impose : Blesolac est donc l\u00e0 pour relever o\u00f9 accompagner le lait maternel. Il est riche, complet tout en un. Il contient tous les \u00e9l\u00e9ments nutritionnels requis pour la bonne croissance et une sant\u00e9 assur\u00e9e. Blesolac est comparable au lait maternel, c\u2019est une innovation car c\u2019est la premi\u00e8re c\u00e9r\u00e9ale infantile instantan\u00e9e Made in Cameroon \u00bb, confiait Nenda Pascaline Akinbode dans une interview accord\u00e9e \u00e0 \u00ab Investir au Cameroun \u00bb en 2017.<\/p>\n<p><strong>Lire aussi : <a href=\"https:\/\/ecomatin.net\/promote-2022-le-groupe-sabc-offre-des-stands-aux-laureats-du-prix-pierre-castel-pour-vendre-leurs-labels\/\" target=\"_blank\" rel=\"noreferrer noopener\">Promote 2022\u00a0: le Groupe SABC offre des stands aux laur\u00e9ats du Prix Pierre Castel pour vendre leurs labels<\/a><\/strong><\/p>\n<p>Cette cinqui\u00e8me \u00e9dition du Prix Pierre Castel section du Cameroun r\u00e9v\u00e8le \u00e0 la fois la victoire de l\u2019entreprenariat f\u00e9minin. Des deux finalistes, une seule sera sacr\u00e9e vainqueur. L\u2019heureuse \u00e9lue sera d\u00e9sign\u00e9e le 23 juin prochain devant le grand jury de Bordeaux en France. Elle empochera alors la cagnotte de 15 000 euros, soit 9,8 millions de FCFA, tandis que le 2e prix se contentera de 10 000 euros, l\u2019\u00e9quivalent de 6,5 millions ; les quatre autres finalistes pr\u00e9s\u00e9lectionn\u00e9s b\u00e9n\u00e9ficieront d\u2019une formation certifiante.<\/p>\n<p>L\u2019article <a rel=\"nofollow\" href=\"https:\/\/ecomatin.net\/prix-pierre-castel-2022-les-finalistes-qui-representeront-le-cameroun-devant-le-jury-de-bordeaux-sont-connus\/\">Prix Pierre Castel 2022\u00a0:\u00a0les finalistes qui repr\u00e9senteront le Cameroun devant le jury de Bordeaux sont connus<\/a> est apparu en premier sur <a rel=\"nofollow\" href=\"https:\/\/ecomatin.net\/\">EcoMatin<\/a>.<\/p>\n<\/div>\n<p>Auteur: Yannick KENNE<br \/>\n<a href=\"https:\/\/ecomatin.net\/prix-pierre-castel-2022-les-finalistes-qui-representeront-le-cameroun-devant-le-jury-de-bordeaux-sont-connus\/\">Cliquez ici pour lire l&rsquo;article depuis sa source.<\/a><\/p>\n","protected":false},"excerpt":{"rendered":"<p>Le jury du prix Pierre Castel 2022 pour le Cameroun a d\u00e9voil\u00e9 le 9 juin dernier les deux finalistes de la 5e \u00e9dition, dans une note publi\u00e9e sur la page Facebook du Groupe Soci\u00e9t\u00e9 anonyme des brasseries du Cameroun (Sabc). Il s\u2019agit de Kaltoume Idrissou, \u00e9pse Aboubakar, promotrice de l\u2019entreprise Cafadec Sarl, sp\u00e9cialis\u00e9e dans la [&hellip;]<\/p>\n","protected":false},"author":1969,"featured_media":0,"comment_status":"closed","ping_status":"closed","sticky":false,"template":"","format":"standard","meta":{"fifu_image_url":"","fifu_image_alt":"","footnotes":""},"categories":[82,78],"tags":[],"class_list":["post-150259","post","type-post","status-publish","format-standard","hentry","category-cameroun","category-economie"],"_links":{"self":[{"href":"https:\/\/linitiative.ca\/International\/wp-json\/wp\/v2\/posts\/150259","targetHints":{"allow":["GET"]}}],"collection":[{"href":"https:\/\/linitiative.ca\/International\/wp-json\/wp\/v2\/posts"}],"about":[{"href":"https:\/\/linitiative.ca\/International\/wp-json\/wp\/v2\/types\/post"}],"author":[{"embeddable":true,"href":"https:\/\/linitiative.ca\/International\/wp-json\/wp\/v2\/users\/1969"}],"replies":[{"embeddable":true,"href":"https:\/\/linitiative.ca\/International\/wp-json\/wp\/v2\/comments?post=150259"}],"version-history":[{"count":0,"href":"https:\/\/linitiative.ca\/International\/wp-json\/wp\/v2\/posts\/150259\/revisions"}],"wp:attachment":[{"href":"https:\/\/linitiative.ca\/International\/wp-json\/wp\/v2\/media?parent=150259"}],"wp:term":[{"taxonomy":"category","embeddable":true,"href":"https:\/\/linitiative.ca\/International\/wp-json\/wp\/v2\/categories?post=150259"},{"taxonomy":"post_tag","embeddable":true,"href":"https:\/\/linitiative.ca\/International\/wp-json\/wp\/v2\/tags?post=150259"}],"curies":[{"name":"wp","href":"https:\/\/api.w.org\/{rel}","templated":true}]}}