{"id":15026,"date":"2019-02-17T15:50:01","date_gmt":"2019-02-17T20:50:01","guid":{"rendered":"https:\/\/linitiative.ca\/International\/des-milliers-de-libyens-celebrent-le-8e-anniversaire-de-leur-revolte\/"},"modified":"2019-02-17T15:50:01","modified_gmt":"2019-02-17T20:50:01","slug":"des-milliers-de-libyens-celebrent-le-8e-anniversaire-de-leur-revolte","status":"publish","type":"post","link":"https:\/\/linitiative.ca\/International\/des-milliers-de-libyens-celebrent-le-8e-anniversaire-de-leur-revolte\/","title":{"rendered":"Des milliers de Libyens c\u00e9l\u00e8brent le 8e anniversaire de leur r\u00e9volte"},"content":{"rendered":"<div readability=\"32\">\n<p>Publi\u00e9 le 17.02.2019 \u00e0 21h50 par AFP<\/p>\n<\/div>\n<div readability=\"103\">\n<p>Des milliers de Libyens ont c\u00e9l\u00e9br\u00e9 dimanche le huiti\u00e8me anniversaire de la r\u00e9volution qui mit fin en 2011 \u00e0 42 ans de dictature de Mouammar Kadhafi, en d\u00e9pit d\u2019une crise politique et s\u00e9curitaire chronique.<\/p>\n<p>A Tripoli, sur la place des martyrs, jadis appel\u00e9e \u00ab\u00a0Place verte\u00a0\u00bb o\u00f9 Kadhafi aimait prononcer ses discours, des milliers de Libyens se sont rassembl\u00e9s arborant le drapeau national, rouge, vert et noir.<\/p>\n<p>Au programme, feux d\u2019artifice, chansons diffus\u00e9es via des haut-parleurs et concerts de musique et chants traditionnels.<\/p>\n<p>A Benghazi, deuxi\u00e8me ville libyenne et \u00ab\u00a0berceau de la r\u00e9volution\u00a0\u00bb, les c\u00e9l\u00e9brations ont \u00e9t\u00e9 plus timides, selon un correspondant de l\u2019AFP.<\/p>\n<p>Seulement quelques dizaines de personnes se sont rassembl\u00e9es pr\u00e8s du Tribunal de Benghazi, o\u00f9 avaient commenc\u00e9 les premi\u00e8res manifestations anti-Kadhafi en 2011.<\/p>\n<p>Ce lieu devenu symbole de la r\u00e9volution est aujourd\u2019hui en ruine, portant les s\u00e9quelles de la guerre contre les groupes jihadistes lanc\u00e9e en 2014.<\/p>\n<p>\u00ab\u00a0Cette r\u00e9volution est n\u00e9e dans les rues et les places, port\u00e9e par les jeunes (\u2026) mais certains tentent de voler les r\u00eaves et le v\u0153u de notre peuple pour une vie digne\u00a0\u00bb, a d\u00e9plor\u00e9 Mohamad al-Agouri, 32 ans, habitant de Benghazi.<\/p>\n<p><ins data-revive-zoneid=\"9\" data-revive-id=\"10111e19d28d19d031742ee3b0b33eb0\"\/> <\/p>\n<p>Depuis 2011, le pays est d\u00e9chir\u00e9 par des luttes d\u2019influence entre les nombreuses milices et tribus pour contr\u00f4ler les ressources du pays.<\/p>\n<p>Sur le plan politique, deux autorit\u00e9s se disputent le pouvoir dans ce riche pays p\u00e9trolier: le gouvernement d\u2019union nationale (GNA), \u00e9tabli fin 2015 par un accord parrain\u00e9 par l\u2019ONU, et bas\u00e9 \u00e0 Tripoli, tandis qu\u2019une autorit\u00e9 rivale s\u2019est install\u00e9e dans l\u2019est, contr\u00f4l\u00e9 par l\u2019Arm\u00e9e nationale libyenne (ANL) autoproclam\u00e9e par le mar\u00e9chal Khalifa Haftar.<\/p>\n<p>Les services publics de base font d\u00e9faut depuis la chute du r\u00e9gime de Kadhafi tandis que les violences et les divisions s\u2019\u00e9ternisent, alimentant l\u2019incertitude et le d\u00e9sespoir, surtout chez les jeunes.<\/p>\n<p>\u00ab\u00a0J\u2019attends avec impatience de voir la Libye se stabiliser et de pouvoir vivre en paix\u00a0\u00bb, a indiqu\u00e9 \u00e0 l\u2019AFP Abdelhamid al-Maghrabi, un pharmacien de Zawiya, une ville situ\u00e9e \u00e0 45 km \u00e0 l\u2019ouest de Tripoli.<\/p>\n<p>\u00ab\u00a0Nous avons assez des guerres, des massacres et des destructions\u00a0\u00bb, a dit ce p\u00e8re de quatre enfants.<\/p>\n<\/div>\n<p>Auteur: AFP<br \/>\n<a href=\"https:\/\/www.journalducameroun.com\/des-milliers-de-libyens-celebrent-le-8e-anniversaire-de-leur-revolte\/\">Cliquez ici pour lire l&rsquo;article depuis sa source.<\/a><\/p>\n","protected":false},"excerpt":{"rendered":"<p>Publi\u00e9 le 17.02.2019 \u00e0 21h50 par AFP Des milliers de Libyens ont c\u00e9l\u00e9br\u00e9 dimanche le huiti\u00e8me anniversaire de la r\u00e9volution qui mit fin en 2011 \u00e0 42 ans de dictature de Mouammar Kadhafi, en d\u00e9pit d\u2019une crise politique et s\u00e9curitaire chronique. A Tripoli, sur la place des martyrs, jadis appel\u00e9e \u00ab\u00a0Place verte\u00a0\u00bb o\u00f9 Kadhafi aimait [&hellip;]<\/p>\n","protected":false},"author":1965,"featured_media":0,"comment_status":"closed","ping_status":"closed","sticky":false,"template":"","format":"standard","meta":{"fifu_image_url":"","fifu_image_alt":"","footnotes":""},"categories":[73,82],"tags":[],"class_list":["post-15026","post","type-post","status-publish","format-standard","hentry","category-actualite","category-cameroun"],"_links":{"self":[{"href":"https:\/\/linitiative.ca\/International\/wp-json\/wp\/v2\/posts\/15026","targetHints":{"allow":["GET"]}}],"collection":[{"href":"https:\/\/linitiative.ca\/International\/wp-json\/wp\/v2\/posts"}],"about":[{"href":"https:\/\/linitiative.ca\/International\/wp-json\/wp\/v2\/types\/post"}],"author":[{"embeddable":true,"href":"https:\/\/linitiative.ca\/International\/wp-json\/wp\/v2\/users\/1965"}],"replies":[{"embeddable":true,"href":"https:\/\/linitiative.ca\/International\/wp-json\/wp\/v2\/comments?post=15026"}],"version-history":[{"count":0,"href":"https:\/\/linitiative.ca\/International\/wp-json\/wp\/v2\/posts\/15026\/revisions"}],"wp:attachment":[{"href":"https:\/\/linitiative.ca\/International\/wp-json\/wp\/v2\/media?parent=15026"}],"wp:term":[{"taxonomy":"category","embeddable":true,"href":"https:\/\/linitiative.ca\/International\/wp-json\/wp\/v2\/categories?post=15026"},{"taxonomy":"post_tag","embeddable":true,"href":"https:\/\/linitiative.ca\/International\/wp-json\/wp\/v2\/tags?post=15026"}],"curies":[{"name":"wp","href":"https:\/\/api.w.org\/{rel}","templated":true}]}}