{"id":15027,"date":"2019-02-17T16:18:04","date_gmt":"2019-02-17T21:18:04","guid":{"rendered":"https:\/\/linitiative.ca\/International\/cameroun-liberation-de-145-eleves-et-enseignants-enleves-dans-le-nord-ouest\/"},"modified":"2019-02-17T16:18:04","modified_gmt":"2019-02-17T21:18:04","slug":"cameroun-liberation-de-145-eleves-et-enseignants-enleves-dans-le-nord-ouest","status":"publish","type":"post","link":"https:\/\/linitiative.ca\/International\/cameroun-liberation-de-145-eleves-et-enseignants-enleves-dans-le-nord-ouest\/","title":{"rendered":"Cameroun : lib\u00e9ration de 145 \u00e9l\u00e8ves et enseignants enlev\u00e9s dans le Nord-Ouest"},"content":{"rendered":"<div readability=\"32\">\n<p>Publi\u00e9 le 17.02.2019 \u00e0 22h18 par APA News<\/p>\n<\/div>\n<div readability=\"65\">\n<p>Quelque 145 \u00e9l\u00e8ves et enseignants du coll\u00e8ge Saint Augustin de Kumbo, dans le Nord-ouest enlev\u00e9s samedi par des milices s\u00e9cessionnistes qui militent pour l\u2019ind\u00e9pendance des r\u00e9gions anglophones du Nord-ouest et du Sud-ouest ont \u00e9t\u00e9 lib\u00e9r\u00e9s ce dimanche, a appris APA aupr\u00e8s de m\u00e9dias locaux.Les preneurs d\u2019otages se sentant cerner par des forces de d\u00e9fense et de s\u00e9curit\u00e9 (FDS) ont dans leur fuite, abandonn\u00e9 les otages dans la for\u00eat selon des sources s\u00e9curitaires.\u00a0<\/p>\n<p>Toutefois, pr\u00e8s d\u2019une quarantaine de personnes sur les 200 enlev\u00e9es samedi \u00e0 Kumbo, sont toujours entre les mains des ravisseurs. Ils sont conduites vers une destination inconnue ajoute nos sources.<\/p>\n<p>Les autorit\u00e9s qui ont refus\u00e9 tout paiement d\u2019une ran\u00e7on ont \u00e9galement pr\u00e9cis\u00e9 que les otages sont sains et saufs.<\/p>\n<p>\u00ab Nous allons poursuivre des recherches afin que les derniers otages soient lib\u00e9r\u00e9s le plus vite possible \u00bb, a indiqu\u00e9 le minist\u00e8re de la D\u00e9fense dans un communiqu\u00e9 lu dimanche \u00e0 la radiot\u00e9l\u00e9vision nationale, (CRTV).<\/p>\n<p><ins data-revive-zoneid=\"9\" data-revive-id=\"10111e19d28d19d031742ee3b0b33eb0\"\/> <\/p>\n<p>Depuis l\u2019enlisement de la crise anglophone, des enl\u00e8vements des \u00e9l\u00e8ves et enseignants font partie du mode op\u00e9ratoire des s\u00e9cessionnistes, dont des sources cr\u00e9dibles affirment qu\u2019il s\u2019agit d\u2019un moyen pour des milices de se faire un peu d\u2019argent \u00e0 travers le paiement des ran\u00e7ons.<\/p>\n<p>\u00a0Une th\u00e8se que les autorit\u00e9s ont toujours battu en br\u00e8che, pr\u00e9cisant qu\u2019aucune ran\u00e7on n\u2019est pay\u00e9e \u00e0 ces milices, et que ces lib\u00e9rations sont le r\u00e9sultat du professionnalisme dont font preuve les forces de d\u00e9fense et de s\u00e9curit\u00e9 nationales.<\/p>\n<\/div>\n<p>Auteur: APA News<br \/>\n<a href=\"https:\/\/www.journalducameroun.com\/cameroun-liberation-de-145-eleves-et-enseignants-enleves-dans-le-nord-ouest\/\">Cliquez ici pour lire l&rsquo;article depuis sa source.<\/a><\/p>\n","protected":false},"excerpt":{"rendered":"<p>Publi\u00e9 le 17.02.2019 \u00e0 22h18 par APA News Quelque 145 \u00e9l\u00e8ves et enseignants du coll\u00e8ge Saint Augustin de Kumbo, dans le Nord-ouest enlev\u00e9s samedi par des milices s\u00e9cessionnistes qui militent pour l\u2019ind\u00e9pendance des r\u00e9gions anglophones du Nord-ouest et du Sud-ouest ont \u00e9t\u00e9 lib\u00e9r\u00e9s ce dimanche, a appris APA aupr\u00e8s de m\u00e9dias locaux.Les preneurs d\u2019otages se [&hellip;]<\/p>\n","protected":false},"author":1965,"featured_media":0,"comment_status":"closed","ping_status":"closed","sticky":false,"template":"","format":"standard","meta":{"fifu_image_url":"","fifu_image_alt":"","footnotes":""},"categories":[73,82],"tags":[],"class_list":["post-15027","post","type-post","status-publish","format-standard","hentry","category-actualite","category-cameroun"],"_links":{"self":[{"href":"https:\/\/linitiative.ca\/International\/wp-json\/wp\/v2\/posts\/15027","targetHints":{"allow":["GET"]}}],"collection":[{"href":"https:\/\/linitiative.ca\/International\/wp-json\/wp\/v2\/posts"}],"about":[{"href":"https:\/\/linitiative.ca\/International\/wp-json\/wp\/v2\/types\/post"}],"author":[{"embeddable":true,"href":"https:\/\/linitiative.ca\/International\/wp-json\/wp\/v2\/users\/1965"}],"replies":[{"embeddable":true,"href":"https:\/\/linitiative.ca\/International\/wp-json\/wp\/v2\/comments?post=15027"}],"version-history":[{"count":0,"href":"https:\/\/linitiative.ca\/International\/wp-json\/wp\/v2\/posts\/15027\/revisions"}],"wp:attachment":[{"href":"https:\/\/linitiative.ca\/International\/wp-json\/wp\/v2\/media?parent=15027"}],"wp:term":[{"taxonomy":"category","embeddable":true,"href":"https:\/\/linitiative.ca\/International\/wp-json\/wp\/v2\/categories?post=15027"},{"taxonomy":"post_tag","embeddable":true,"href":"https:\/\/linitiative.ca\/International\/wp-json\/wp\/v2\/tags?post=15027"}],"curies":[{"name":"wp","href":"https:\/\/api.w.org\/{rel}","templated":true}]}}