{"id":150288,"date":"2022-06-16T10:08:08","date_gmt":"2022-06-16T14:08:08","guid":{"rendered":"https:\/\/linitiative.ca\/International\/une-convention-portant-creation-de-linstitut-africain-pour-lapprentissage\/"},"modified":"2022-06-16T10:08:08","modified_gmt":"2022-06-16T14:08:08","slug":"une-convention-portant-creation-de-linstitut-africain-pour-lapprentissage","status":"publish","type":"post","link":"https:\/\/linitiative.ca\/International\/une-convention-portant-creation-de-linstitut-africain-pour-lapprentissage\/","title":{"rendered":"Une convention portant cr\u00e9ation de l\u2019Institut africain pour l\u2019apprentissage"},"content":{"rendered":"<div>\n<div style=\"margin-bottom:20px;\"><img loading=\"lazy\" decoding=\"async\" width=\"750\" height=\"430\" src=\"https:\/\/linitiative.ca\/International\/wp-content\/uploads\/sites\/23\/2022\/06\/institut-copier.jpg\" class=\"attachment-post-thumbnail size-post-thumbnail wp-post-image\" alt=\"\" srcset=\"https:\/\/linitiative.ca\/International\/wp-content\/uploads\/sites\/23\/2022\/06\/institut-copier.jpg 750w, https:\/\/www.mapmarrakech.ma\/map\/uploads\/2022\/06\/institut-copier-300x172.jpg 300w\" sizes=\"auto, (max-width: 750px) 100vw, 750px\"><\/div>\n<p>Paraph\u00e9e par le ministre de l\u2019Education nationale, du pr\u00e9scolaire et des sports, M. Chakib Benmoussa, le ministre de l\u2019Enseignement sup\u00e9rieur, de la recherche scientifique et de l\u2019innovation, M. Abdellatif Miraoui, le D\u00e9l\u00e9gu\u00e9 g\u00e9n\u00e9ral \u00e0 l\u2019Administration p\u00e9nitentiaire et \u00e0 la r\u00e9insertion (DGAPR), M. Mohamed Salah Tamek, le Secr\u00e9taire g\u00e9n\u00e9ral du minist\u00e8re de l\u2019Inclusion \u00e9conomique, de la petite entreprise, de l\u2019emploi et des comp\u00e9tences, M. Arafat Atmoun, le Wali- Directeur g\u00e9n\u00e9ral des Collectivit\u00e9s Territoriales au minist\u00e8re de l\u2019Int\u00e9rieur, M. Khalid Safir, le Directeur de l\u2019Agence nationale de lutte contre l\u2019analphab\u00e9tisme (ANLCA), M. Abdessamih Mahmoud, et le Directeur de l\u2019Institut de l\u2019UNESCO de l\u2019Apprentissage tout au long de la vie (UIL), M. David Atchoarena, cette convention porte sur la mise en place d\u2019un Institut africain de l\u2019apprentissage tout au long de la vie et des villes apprenantes.<\/p>\n<p>Cet institut s\u2019assigne pour mission le d\u00e9veloppement et le renforcement des capacit\u00e9s des institutions, des acteurs et des partenaires concernant l\u2019apprentissage tout au long de la vie, en particulier concernant les villes apprenantes, le partage de connaissances, de ressources et d\u2019outils en mati\u00e8re d\u2019apprentissage et d\u2019\u00e9ducation des adultes, ainsi que le d\u00e9veloppement des \u00e9changes et la coop\u00e9ration entre les villes apprenantes africaines.<\/p>\n<p>\u00ab\u00a0Cet institut traduit les Orientations de Sa Majest\u00e9 le Roi Mohammed VI en ce qui concerne la cr\u00e9ation d\u2019un organisme qui s\u2019implique dans le Continent africain en mati\u00e8re d\u2019\u00e9ducation des adultes et de l\u2019apprentissage tout au long de la vie\u00a0\u00bb, a soulign\u00e9 M. Benmoussa dans une d\u00e9claration \u00e0 la presse, en marge de la c\u00e9r\u00e9monie de signature de cette convention.<\/p>\n<p>L\u2019innovation dans cette d\u00e9marche est de s\u2019appuyer sur un ensemble d\u2019organismes qui existent d\u00e9j\u00e0 au Maroc et dans le reste du Continent, et qui interviennent aujourd\u2019hui dans le domaine de l\u2019\u00e9ducation des adultes et l\u2019apprentissage tout au long de la vie, a relev\u00e9 le ministre, soulignant que ces organismes \u00ab\u00a0peuvent, en mettant en commun leur savoir-faire et en partageant les pratiques innovantes, cr\u00e9er un \u00e9change entre les pays africains et mettre en place des formations par les pairs, afin d\u2019accompagner au moindre co\u00fbt et de mani\u00e8re flexible les besoins qui s\u2019expriment dans ce domaine dans de nombreux pays de l\u2019Afrique\u00a0\u00bb.<\/p>\n<p>Dans un Message Royal adress\u00e9 par Sa Majest\u00e9 le Roi Mohammed VI aux participants \u00e0 la CONFINTEA VII, et dont lecture a \u00e9t\u00e9 donn\u00e9e par le Chef du Gouvernement, M. Aziz Akhannouch, le Souverain a relev\u00e9 que la cr\u00e9ation de l\u2019Institut africain pour l\u2019apprentissage tout au long de la vie est de nature \u00e0 \u00ab\u00a0renforcer la coordination et la coop\u00e9ration Sud-Sud dans le domaine de l\u2019apprentissage des adultes et de l\u2019apprentissage tout au long de la vie\u00a0\u00bb.<\/p>\n<p>Cet institut, a ajout\u00e9 Sa Majest\u00e9 le Roi, \u00ab\u00a0sera un Centre r\u00e9gional qui aura vocation \u00e0 renforcer les capacit\u00e9s des parties prenantes, des institutions et des organisations r\u00e9gionales dans le domaine de l\u2019apprentissage tout au long de la vie\u00a0\u00bb.<\/p>\n<p>Co-organis\u00e9e par le Gouvernement du Royaume du Maroc et l\u2019UNESCO, sous le Haut Patronage de Sa Majest\u00e9 le Roi Mohammed VI, cette conf\u00e9rence de port\u00e9e mondiale r\u00e9unit les parties prenantes du monde entier en vue de fa\u00e7onner l\u2019avenir de l\u2019apprentissage et de l\u2019\u00e9ducation des adultes au cours de la prochaine d\u00e9cennie.<\/p>\n<p>Plac\u00e9e sous le th\u00e8me : \u00ab\u00a0l\u2019apprentissage et l\u2019\u00e9ducation des adultes pour le d\u00e9veloppement durable : Un agenda transformateur\u00a0\u00bb, cette Conf\u00e9rence constitue l\u2019occasion d\u2019examiner les politiques efficaces d\u2019apprentissage et d\u2019\u00e9ducation des adultes dans une perspective d\u2019apprentissage tout au long de la vie dans des conditions, qui contribuent \u00e0 la r\u00e9alisation des Objectifs de D\u00e9veloppement Durable (ODD) des Nations-Unies, adopt\u00e9s en 2015.<\/p>\n<p>The post <a rel=\"nofollow\" href=\"https:\/\/www.mapmarrakech.ma\/fr\/une-convention-portant-creation-de-linstitut-africain-pour-lapprentissage\/\">Une convention portant cr\u00e9ation de l\u2019Institut africain pour l\u2019apprentissage<\/a> appeared first on <a rel=\"nofollow\" href=\"https:\/\/www.mapmarrakech.ma\/fr\">MapMarrakech<\/a>.<\/p>\n<\/div>\n<p>Auteur: Meriem IGASS<br \/>\n<a href=\"https:\/\/www.mapmarrakech.ma\/fr\/une-convention-portant-creation-de-linstitut-africain-pour-lapprentissage\/\">Cliquez ici pour lire l&rsquo;article depuis sa source.<\/a><\/p>\n","protected":false},"excerpt":{"rendered":"<p>Paraph\u00e9e par le ministre de l\u2019Education nationale, du pr\u00e9scolaire et des sports, M. Chakib Benmoussa, le ministre de l\u2019Enseignement sup\u00e9rieur, de la recherche scientifique et de l\u2019innovation, M. Abdellatif Miraoui, le D\u00e9l\u00e9gu\u00e9 g\u00e9n\u00e9ral \u00e0 l\u2019Administration p\u00e9nitentiaire et \u00e0 la r\u00e9insertion (DGAPR), M. Mohamed Salah Tamek, le Secr\u00e9taire g\u00e9n\u00e9ral du minist\u00e8re de l\u2019Inclusion \u00e9conomique, de la [&hellip;]<\/p>\n","protected":false},"author":1788,"featured_media":0,"comment_status":"closed","ping_status":"closed","sticky":false,"template":"","format":"standard","meta":{"fifu_image_url":"https:\/\/www.mapmarrakech.ma\/map\/uploads\/2022\/06\/institut-copier.jpg","fifu_image_alt":"Une convention portant cr\u00e9ation de l\u2019Institut africain pour l\u2019apprentissage","footnotes":""},"categories":[54,76],"tags":[],"class_list":["post-150288","post","type-post","status-publish","format-standard","hentry","category-maroc","category-regions"],"_links":{"self":[{"href":"https:\/\/linitiative.ca\/International\/wp-json\/wp\/v2\/posts\/150288","targetHints":{"allow":["GET"]}}],"collection":[{"href":"https:\/\/linitiative.ca\/International\/wp-json\/wp\/v2\/posts"}],"about":[{"href":"https:\/\/linitiative.ca\/International\/wp-json\/wp\/v2\/types\/post"}],"author":[{"embeddable":true,"href":"https:\/\/linitiative.ca\/International\/wp-json\/wp\/v2\/users\/1788"}],"replies":[{"embeddable":true,"href":"https:\/\/linitiative.ca\/International\/wp-json\/wp\/v2\/comments?post=150288"}],"version-history":[{"count":0,"href":"https:\/\/linitiative.ca\/International\/wp-json\/wp\/v2\/posts\/150288\/revisions"}],"wp:attachment":[{"href":"https:\/\/linitiative.ca\/International\/wp-json\/wp\/v2\/media?parent=150288"}],"wp:term":[{"taxonomy":"category","embeddable":true,"href":"https:\/\/linitiative.ca\/International\/wp-json\/wp\/v2\/categories?post=150288"},{"taxonomy":"post_tag","embeddable":true,"href":"https:\/\/linitiative.ca\/International\/wp-json\/wp\/v2\/tags?post=150288"}],"curies":[{"name":"wp","href":"https:\/\/api.w.org\/{rel}","templated":true}]}}