{"id":150290,"date":"2022-06-16T12:44:04","date_gmt":"2022-06-16T16:44:04","guid":{"rendered":"https:\/\/linitiative.ca\/International\/sm-le-roi-contracte-une-coronavirus-covid-19-de-forme-asymptomatique-communique-du-professeur-lahcen-belyamani-medecin-personnel-du-souverain\/"},"modified":"2022-06-16T12:44:04","modified_gmt":"2022-06-16T16:44:04","slug":"sm-le-roi-contracte-une-coronavirus-covid-19-de-forme-asymptomatique-communique-du-professeur-lahcen-belyamani-medecin-personnel-du-souverain","status":"publish","type":"post","link":"https:\/\/linitiative.ca\/International\/sm-le-roi-contracte-une-coronavirus-covid-19-de-forme-asymptomatique-communique-du-professeur-lahcen-belyamani-medecin-personnel-du-souverain\/","title":{"rendered":"SM le Roi contracte une coronavirus Covid 19 de forme asymptomatique (communiqu\u00e9 du professeur Lahcen Belyamani, m\u00e9decin personnel du Souverain)"},"content":{"rendered":"<div>\n<div style=\"margin-bottom:20px;\"><img loading=\"lazy\" decoding=\"async\" width=\"750\" height=\"430\" src=\"https:\/\/linitiative.ca\/International\/wp-content\/uploads\/sites\/23\/2022\/06\/SM-le-Roi-1.jpg\" class=\"attachment-post-thumbnail size-post-thumbnail wp-post-image\" alt=\"\" srcset=\"https:\/\/linitiative.ca\/International\/wp-content\/uploads\/sites\/23\/2022\/06\/SM-le-Roi-1.jpg 750w, https:\/\/www.mapmarrakech.ma\/map\/uploads\/2021\/11\/SM-le-Roi-300x172.jpg 300w\" sizes=\"auto, (max-width: 750px) 100vw, 750px\"><\/div>\n<p>Par cons\u00e9quent, le m\u00e9decin a prescrit une p\u00e9riode de repos de Sa Majest\u00e9 le Roi durant quelques jours, indique un communiqu\u00e9 du professeur Lahcen Belyamani, m\u00e9decin personnel de Sa Majest\u00e9 le Roi.<\/p>\n<p>Que Dieu pr\u00e9serve Sa Majest\u00e9 le Roi, Lui accorde prompt r\u00e9tablissement et Le comble des bienfaits de la sant\u00e9.<\/p>\n<p>The post <a rel=\"nofollow\" href=\"https:\/\/www.mapmarrakech.ma\/fr\/sm-le-roi-contracte-une-coronavirus-covid-19-de-forme-asymptomatique-communique-du-professeur-lahcen-belyamani-medecin-personnel-du-souverain\/\">SM le Roi contracte une coronavirus Covid 19 de forme asymptomatique (communiqu\u00e9 du professeur Lahcen Belyamani, m\u00e9decin personnel du Souverain)<\/a> appeared first on <a rel=\"nofollow\" href=\"https:\/\/www.mapmarrakech.ma\/fr\">MapMarrakech<\/a>.<\/p>\n<\/div>\n<p>Auteur: Meriem IGASS<br \/>\n<a href=\"https:\/\/www.mapmarrakech.ma\/fr\/sm-le-roi-contracte-une-coronavirus-covid-19-de-forme-asymptomatique-communique-du-professeur-lahcen-belyamani-medecin-personnel-du-souverain\/\">Cliquez ici pour lire l&rsquo;article depuis sa source.<\/a><\/p>\n","protected":false},"excerpt":{"rendered":"<p>Par cons\u00e9quent, le m\u00e9decin a prescrit une p\u00e9riode de repos de Sa Majest\u00e9 le Roi durant quelques jours, indique un communiqu\u00e9 du professeur Lahcen Belyamani, m\u00e9decin personnel de Sa Majest\u00e9 le Roi. Que Dieu pr\u00e9serve Sa Majest\u00e9 le Roi, Lui accorde prompt r\u00e9tablissement et Le comble des bienfaits de la sant\u00e9. The post SM le [&hellip;]<\/p>\n","protected":false},"author":1788,"featured_media":0,"comment_status":"closed","ping_status":"closed","sticky":false,"template":"","format":"standard","meta":{"fifu_image_url":"https:\/\/www.mapmarrakech.ma\/map\/uploads\/2021\/11\/SM-le-Roi.jpg","fifu_image_alt":"SM le Roi contracte une coronavirus Covid 19 de forme asymptomatique (communiqu\u00e9 du professeur Lahcen Belyamani, m\u00e9decin personnel du Souverain)","footnotes":""},"categories":[54,76],"tags":[],"class_list":["post-150290","post","type-post","status-publish","format-standard","hentry","category-maroc","category-regions"],"_links":{"self":[{"href":"https:\/\/linitiative.ca\/International\/wp-json\/wp\/v2\/posts\/150290","targetHints":{"allow":["GET"]}}],"collection":[{"href":"https:\/\/linitiative.ca\/International\/wp-json\/wp\/v2\/posts"}],"about":[{"href":"https:\/\/linitiative.ca\/International\/wp-json\/wp\/v2\/types\/post"}],"author":[{"embeddable":true,"href":"https:\/\/linitiative.ca\/International\/wp-json\/wp\/v2\/users\/1788"}],"replies":[{"embeddable":true,"href":"https:\/\/linitiative.ca\/International\/wp-json\/wp\/v2\/comments?post=150290"}],"version-history":[{"count":0,"href":"https:\/\/linitiative.ca\/International\/wp-json\/wp\/v2\/posts\/150290\/revisions"}],"wp:attachment":[{"href":"https:\/\/linitiative.ca\/International\/wp-json\/wp\/v2\/media?parent=150290"}],"wp:term":[{"taxonomy":"category","embeddable":true,"href":"https:\/\/linitiative.ca\/International\/wp-json\/wp\/v2\/categories?post=150290"},{"taxonomy":"post_tag","embeddable":true,"href":"https:\/\/linitiative.ca\/International\/wp-json\/wp\/v2\/tags?post=150290"}],"curies":[{"name":"wp","href":"https:\/\/api.w.org\/{rel}","templated":true}]}}