{"id":150298,"date":"2022-06-16T14:40:00","date_gmt":"2022-06-16T18:40:00","guid":{"rendered":"https:\/\/linitiative.ca\/International\/assemblee-generale-elective-de-la-faf-ali-malek-designe-a-la-tete-de-la-commission-de-candidatures\/"},"modified":"2022-06-16T14:40:00","modified_gmt":"2022-06-16T18:40:00","slug":"assemblee-generale-elective-de-la-faf-ali-malek-designe-a-la-tete-de-la-commission-de-candidatures","status":"publish","type":"post","link":"https:\/\/linitiative.ca\/International\/assemblee-generale-elective-de-la-faf-ali-malek-designe-a-la-tete-de-la-commission-de-candidatures\/","title":{"rendered":"Assembl\u00e9e g\u00e9n\u00e9rale \u00e9lective de la FAF: Ali Malek d\u00e9sign\u00e9 \u00e0 la t\u00eate de la commission de candidatures"},"content":{"rendered":"<div>Il a \u00e9t\u00e9 \u00e9galement proc\u00e9d\u00e9 \u00e0 l&rsquo;installation de la commission de recours, pr\u00e9sid\u00e9e par&#8230;<\/div>\n<p>Auteur:<br \/>\n<a href=\"https:\/\/www.lebuteur.com\/article\/detail?titre=assemblee-generale-elective-de-la-faf-ali-malek-designe-a-la-tete-de-la-commission-de-candidatures&#038;id=103021\">Cliquez ici pour lire l&rsquo;article depuis sa source.<\/a><\/p>\n","protected":false},"excerpt":{"rendered":"<p>Il a \u00e9t\u00e9 \u00e9galement proc\u00e9d\u00e9 \u00e0 l&rsquo;installation de la commission de recours, pr\u00e9sid\u00e9e par&#8230; Auteur: Cliquez ici pour lire l&rsquo;article depuis sa source.<\/p>\n","protected":false},"author":1738,"featured_media":0,"comment_status":"closed","ping_status":"closed","sticky":false,"template":"","format":"standard","meta":{"fifu_image_url":"","fifu_image_alt":"","footnotes":""},"categories":[53,75],"tags":[],"class_list":["post-150298","post","type-post","status-publish","format-standard","hentry","category-algerie","category-sport"],"_links":{"self":[{"href":"https:\/\/linitiative.ca\/International\/wp-json\/wp\/v2\/posts\/150298","targetHints":{"allow":["GET"]}}],"collection":[{"href":"https:\/\/linitiative.ca\/International\/wp-json\/wp\/v2\/posts"}],"about":[{"href":"https:\/\/linitiative.ca\/International\/wp-json\/wp\/v2\/types\/post"}],"author":[{"embeddable":true,"href":"https:\/\/linitiative.ca\/International\/wp-json\/wp\/v2\/users\/1738"}],"replies":[{"embeddable":true,"href":"https:\/\/linitiative.ca\/International\/wp-json\/wp\/v2\/comments?post=150298"}],"version-history":[{"count":0,"href":"https:\/\/linitiative.ca\/International\/wp-json\/wp\/v2\/posts\/150298\/revisions"}],"wp:attachment":[{"href":"https:\/\/linitiative.ca\/International\/wp-json\/wp\/v2\/media?parent=150298"}],"wp:term":[{"taxonomy":"category","embeddable":true,"href":"https:\/\/linitiative.ca\/International\/wp-json\/wp\/v2\/categories?post=150298"},{"taxonomy":"post_tag","embeddable":true,"href":"https:\/\/linitiative.ca\/International\/wp-json\/wp\/v2\/tags?post=150298"}],"curies":[{"name":"wp","href":"https:\/\/api.w.org\/{rel}","templated":true}]}}