{"id":150300,"date":"2022-06-16T14:44:00","date_gmt":"2022-06-16T18:44:00","guid":{"rendered":"https:\/\/linitiative.ca\/International\/ago-de-la-faf-lassemblee-generale-valide-la-demission-de-charaf-eddine-amara\/"},"modified":"2022-06-16T14:44:00","modified_gmt":"2022-06-16T18:44:00","slug":"ago-de-la-faf-lassemblee-generale-valide-la-demission-de-charaf-eddine-amara","status":"publish","type":"post","link":"https:\/\/linitiative.ca\/International\/ago-de-la-faf-lassemblee-generale-valide-la-demission-de-charaf-eddine-amara\/","title":{"rendered":"AGO de la FAF: l&rsquo;assembl\u00e9e g\u00e9n\u00e9rale valide la d\u00e9mission de Charaf-Eddine Amara"},"content":{"rendered":"<div>Pour rappel, Charaf-Eddine Amara avait annonc\u00e9 sa d\u00e9mission le jeudi 31 mars dernier&#8230;<\/div>\n<p>Auteur:<br \/>\n<a href=\"https:\/\/www.lebuteur.com\/article\/detail?titre=ago-de-la-faf-lassemblee-generale-valide-la-demission-de-charaf-eddine-amara&#038;id=103023\">Cliquez ici pour lire l&rsquo;article depuis sa source.<\/a><\/p>\n","protected":false},"excerpt":{"rendered":"<p>Pour rappel, Charaf-Eddine Amara avait annonc\u00e9 sa d\u00e9mission le jeudi 31 mars dernier&#8230; Auteur: Cliquez ici pour lire l&rsquo;article depuis sa source.<\/p>\n","protected":false},"author":1738,"featured_media":0,"comment_status":"closed","ping_status":"closed","sticky":false,"template":"","format":"standard","meta":{"fifu_image_url":"","fifu_image_alt":"","footnotes":""},"categories":[53,75],"tags":[],"class_list":["post-150300","post","type-post","status-publish","format-standard","hentry","category-algerie","category-sport"],"_links":{"self":[{"href":"https:\/\/linitiative.ca\/International\/wp-json\/wp\/v2\/posts\/150300","targetHints":{"allow":["GET"]}}],"collection":[{"href":"https:\/\/linitiative.ca\/International\/wp-json\/wp\/v2\/posts"}],"about":[{"href":"https:\/\/linitiative.ca\/International\/wp-json\/wp\/v2\/types\/post"}],"author":[{"embeddable":true,"href":"https:\/\/linitiative.ca\/International\/wp-json\/wp\/v2\/users\/1738"}],"replies":[{"embeddable":true,"href":"https:\/\/linitiative.ca\/International\/wp-json\/wp\/v2\/comments?post=150300"}],"version-history":[{"count":0,"href":"https:\/\/linitiative.ca\/International\/wp-json\/wp\/v2\/posts\/150300\/revisions"}],"wp:attachment":[{"href":"https:\/\/linitiative.ca\/International\/wp-json\/wp\/v2\/media?parent=150300"}],"wp:term":[{"taxonomy":"category","embeddable":true,"href":"https:\/\/linitiative.ca\/International\/wp-json\/wp\/v2\/categories?post=150300"},{"taxonomy":"post_tag","embeddable":true,"href":"https:\/\/linitiative.ca\/International\/wp-json\/wp\/v2\/tags?post=150300"}],"curies":[{"name":"wp","href":"https:\/\/api.w.org\/{rel}","templated":true}]}}