{"id":150317,"date":"2022-06-16T16:40:26","date_gmt":"2022-06-16T20:40:26","guid":{"rendered":"https:\/\/linitiative.ca\/International\/une-greve-generale-paralyse-la-tunisie-les-repercussions\/"},"modified":"2022-06-16T16:40:26","modified_gmt":"2022-06-16T20:40:26","slug":"une-greve-generale-paralyse-la-tunisie-les-repercussions","status":"publish","type":"post","link":"https:\/\/linitiative.ca\/International\/une-greve-generale-paralyse-la-tunisie-les-repercussions\/","title":{"rendered":"Une gr\u00e8ve g\u00e9n\u00e9rale paralyse la Tunisie : les r\u00e9percussions"},"content":{"rendered":"<div>\n<p>La Tunisie est paralys\u00e9e aujourd\u2019hui, jeudi 16 juin 2022, par une gr\u00e8ve g\u00e9n\u00e9rale observ\u00e9e par 159 \u00e9tablissements publics, pour protester contre le refus du gouvernement de n\u00e9gocier un ensemble de revendications professionnelles au profit du secteur public. Hier, Wajih Zidi, secr\u00e9taire g\u00e9n\u00e9ral de la F\u00e9d\u00e9ration des transports, qui rassemble les plus importants \u00e9tablissements en gr\u00e8ve, [\u2026]<\/p>\n<p>L\u2019article <a href=\"https:\/\/www.tunisienumerique.com\/une-greve-generale-paralyse-la-tunisie-les-repercussions\/\">Une gr\u00e8ve g\u00e9n\u00e9rale paralyse la Tunisie : les r\u00e9percussions<\/a> est apparu en premier sur <a href=\"https:\/\/www.tunisienumerique.com\/\">Tunisie<\/a>.<\/p>\n<\/div>\n<p>Auteur: Mohamed Ben Abderrazek<br \/>\n<a href=\"https:\/\/www.tunisienumerique.com\/une-greve-generale-paralyse-la-tunisie-les-repercussions\/\">Cliquez ici pour lire l&rsquo;article depuis sa source.<\/a><\/p>\n","protected":false},"excerpt":{"rendered":"<p>La Tunisie est paralys\u00e9e aujourd\u2019hui, jeudi 16 juin 2022, par une gr\u00e8ve g\u00e9n\u00e9rale observ\u00e9e par 159 \u00e9tablissements publics, pour protester contre le refus du gouvernement de n\u00e9gocier un ensemble de revendications professionnelles au profit du secteur public. Hier, Wajih Zidi, secr\u00e9taire g\u00e9n\u00e9ral de la F\u00e9d\u00e9ration des transports, qui rassemble les plus importants \u00e9tablissements en gr\u00e8ve, [&hellip;]<\/p>\n","protected":false},"author":1789,"featured_media":0,"comment_status":"closed","ping_status":"closed","sticky":false,"template":"","format":"standard","meta":{"fifu_image_url":"","fifu_image_alt":"","footnotes":""},"categories":[73,55],"tags":[],"class_list":["post-150317","post","type-post","status-publish","format-standard","hentry","category-actualite","category-tunisie"],"_links":{"self":[{"href":"https:\/\/linitiative.ca\/International\/wp-json\/wp\/v2\/posts\/150317","targetHints":{"allow":["GET"]}}],"collection":[{"href":"https:\/\/linitiative.ca\/International\/wp-json\/wp\/v2\/posts"}],"about":[{"href":"https:\/\/linitiative.ca\/International\/wp-json\/wp\/v2\/types\/post"}],"author":[{"embeddable":true,"href":"https:\/\/linitiative.ca\/International\/wp-json\/wp\/v2\/users\/1789"}],"replies":[{"embeddable":true,"href":"https:\/\/linitiative.ca\/International\/wp-json\/wp\/v2\/comments?post=150317"}],"version-history":[{"count":0,"href":"https:\/\/linitiative.ca\/International\/wp-json\/wp\/v2\/posts\/150317\/revisions"}],"wp:attachment":[{"href":"https:\/\/linitiative.ca\/International\/wp-json\/wp\/v2\/media?parent=150317"}],"wp:term":[{"taxonomy":"category","embeddable":true,"href":"https:\/\/linitiative.ca\/International\/wp-json\/wp\/v2\/categories?post=150317"},{"taxonomy":"post_tag","embeddable":true,"href":"https:\/\/linitiative.ca\/International\/wp-json\/wp\/v2\/tags?post=150317"}],"curies":[{"name":"wp","href":"https:\/\/api.w.org\/{rel}","templated":true}]}}