{"id":150318,"date":"2022-06-16T16:45:42","date_gmt":"2022-06-16T20:45:42","guid":{"rendered":"https:\/\/linitiative.ca\/International\/la-ctn-sauve-la-face\/"},"modified":"2022-06-16T16:45:42","modified_gmt":"2022-06-16T20:45:42","slug":"la-ctn-sauve-la-face","status":"publish","type":"post","link":"https:\/\/linitiative.ca\/International\/la-ctn-sauve-la-face\/","title":{"rendered":"La CTN sauve la face"},"content":{"rendered":"<div>\n<p>Dans un communiqu\u00e9 de la CTN, la compagnie annonce que le taux de participation \u00e0 la gr\u00e8ve \u00e0 laquelle la centrale syndicale a appel\u00e9, n\u2019a pas d\u00e9pass\u00e9 le seuil de 15% pour les services mer et terre. Le communiqu\u00e9 a fait \u00e9tat des dispositions prises par la compagnie pour permettre au paquebot \u201cTanit\u201d en provenance [\u2026]<\/p>\n<p>L\u2019article <a href=\"https:\/\/www.tunisienumerique.com\/la-ctn-sauve-la-face\/\">La CTN sauve la face<\/a> est apparu en premier sur <a href=\"https:\/\/www.tunisienumerique.com\/\">Tunisie<\/a>.<\/p>\n<\/div>\n<p>Auteur: Hafedh Trabelsi<br \/>\n<a href=\"https:\/\/www.tunisienumerique.com\/la-ctn-sauve-la-face\/\">Cliquez ici pour lire l&rsquo;article depuis sa source.<\/a><\/p>\n","protected":false},"excerpt":{"rendered":"<p>Dans un communiqu\u00e9 de la CTN, la compagnie annonce que le taux de participation \u00e0 la gr\u00e8ve \u00e0 laquelle la centrale syndicale a appel\u00e9, n\u2019a pas d\u00e9pass\u00e9 le seuil de 15% pour les services mer et terre. Le communiqu\u00e9 a fait \u00e9tat des dispositions prises par la compagnie pour permettre au paquebot \u201cTanit\u201d en provenance [&hellip;]<\/p>\n","protected":false},"author":1789,"featured_media":0,"comment_status":"closed","ping_status":"closed","sticky":false,"template":"","format":"standard","meta":{"fifu_image_url":"","fifu_image_alt":"","footnotes":""},"categories":[73,55],"tags":[],"class_list":["post-150318","post","type-post","status-publish","format-standard","hentry","category-actualite","category-tunisie"],"_links":{"self":[{"href":"https:\/\/linitiative.ca\/International\/wp-json\/wp\/v2\/posts\/150318","targetHints":{"allow":["GET"]}}],"collection":[{"href":"https:\/\/linitiative.ca\/International\/wp-json\/wp\/v2\/posts"}],"about":[{"href":"https:\/\/linitiative.ca\/International\/wp-json\/wp\/v2\/types\/post"}],"author":[{"embeddable":true,"href":"https:\/\/linitiative.ca\/International\/wp-json\/wp\/v2\/users\/1789"}],"replies":[{"embeddable":true,"href":"https:\/\/linitiative.ca\/International\/wp-json\/wp\/v2\/comments?post=150318"}],"version-history":[{"count":0,"href":"https:\/\/linitiative.ca\/International\/wp-json\/wp\/v2\/posts\/150318\/revisions"}],"wp:attachment":[{"href":"https:\/\/linitiative.ca\/International\/wp-json\/wp\/v2\/media?parent=150318"}],"wp:term":[{"taxonomy":"category","embeddable":true,"href":"https:\/\/linitiative.ca\/International\/wp-json\/wp\/v2\/categories?post=150318"},{"taxonomy":"post_tag","embeddable":true,"href":"https:\/\/linitiative.ca\/International\/wp-json\/wp\/v2\/tags?post=150318"}],"curies":[{"name":"wp","href":"https:\/\/api.w.org\/{rel}","templated":true}]}}