{"id":150320,"date":"2022-06-16T17:07:53","date_gmt":"2022-06-16T21:07:53","guid":{"rendered":"https:\/\/linitiative.ca\/International\/conseil-des-chambres-mixtes-six-mesures-prioritaires-pour-la-relance-de-linvestissement\/"},"modified":"2022-06-16T17:07:53","modified_gmt":"2022-06-16T21:07:53","slug":"conseil-des-chambres-mixtes-six-mesures-prioritaires-pour-la-relance-de-linvestissement","status":"publish","type":"post","link":"https:\/\/linitiative.ca\/International\/conseil-des-chambres-mixtes-six-mesures-prioritaires-pour-la-relance-de-linvestissement\/","title":{"rendered":"Conseil des Chambres Mixtes : Six mesures prioritaires pour la relance de l\u2019investissement"},"content":{"rendered":"<div>\n<p>Apr\u00e8s la tenue, mercredi 15 juin 2022, \u00e0 la Maison de la Culture de Tunis de l\u2019atelier de restitution de la premi\u00e8re vague des mesures et des r\u00e9formes pour un meilleur climat d\u2019affaires, qui s\u2019inscrit dans le cadre du Dialogue Public-Priv\u00e9, et \u00e0 la lumi\u00e8re de\u00a0 la revue des mesures et r\u00e9formes ainsi que des [\u2026]<\/p>\n<p>L\u2019article <a href=\"https:\/\/www.tunisienumerique.com\/conseil-des-chambres-mixtes-six-mesures-prioritaires-pour-la-relance-de-linvestissement\/\">Conseil des Chambres Mixtes : Six mesures prioritaires pour la relance de l\u2019investissement<\/a> est apparu en premier sur <a href=\"https:\/\/www.tunisienumerique.com\/\">Tunisie<\/a>.<\/p>\n<\/div>\n<p>Auteur: Tunisie Num\u00e9rique<br \/>\n<a href=\"https:\/\/www.tunisienumerique.com\/conseil-des-chambres-mixtes-six-mesures-prioritaires-pour-la-relance-de-linvestissement\/\">Cliquez ici pour lire l&rsquo;article depuis sa source.<\/a><\/p>\n","protected":false},"excerpt":{"rendered":"<p>Apr\u00e8s la tenue, mercredi 15 juin 2022, \u00e0 la Maison de la Culture de Tunis de l\u2019atelier de restitution de la premi\u00e8re vague des mesures et des r\u00e9formes pour un meilleur climat d\u2019affaires, qui s\u2019inscrit dans le cadre du Dialogue Public-Priv\u00e9, et \u00e0 la lumi\u00e8re de\u00a0 la revue des mesures et r\u00e9formes ainsi que des [&hellip;]<\/p>\n","protected":false},"author":1789,"featured_media":0,"comment_status":"closed","ping_status":"closed","sticky":false,"template":"","format":"standard","meta":{"fifu_image_url":"","fifu_image_alt":"","footnotes":""},"categories":[73,55],"tags":[],"class_list":["post-150320","post","type-post","status-publish","format-standard","hentry","category-actualite","category-tunisie"],"_links":{"self":[{"href":"https:\/\/linitiative.ca\/International\/wp-json\/wp\/v2\/posts\/150320","targetHints":{"allow":["GET"]}}],"collection":[{"href":"https:\/\/linitiative.ca\/International\/wp-json\/wp\/v2\/posts"}],"about":[{"href":"https:\/\/linitiative.ca\/International\/wp-json\/wp\/v2\/types\/post"}],"author":[{"embeddable":true,"href":"https:\/\/linitiative.ca\/International\/wp-json\/wp\/v2\/users\/1789"}],"replies":[{"embeddable":true,"href":"https:\/\/linitiative.ca\/International\/wp-json\/wp\/v2\/comments?post=150320"}],"version-history":[{"count":0,"href":"https:\/\/linitiative.ca\/International\/wp-json\/wp\/v2\/posts\/150320\/revisions"}],"wp:attachment":[{"href":"https:\/\/linitiative.ca\/International\/wp-json\/wp\/v2\/media?parent=150320"}],"wp:term":[{"taxonomy":"category","embeddable":true,"href":"https:\/\/linitiative.ca\/International\/wp-json\/wp\/v2\/categories?post=150320"},{"taxonomy":"post_tag","embeddable":true,"href":"https:\/\/linitiative.ca\/International\/wp-json\/wp\/v2\/tags?post=150320"}],"curies":[{"name":"wp","href":"https:\/\/api.w.org\/{rel}","templated":true}]}}