{"id":150324,"date":"2022-06-16T10:09:23","date_gmt":"2022-06-16T14:09:23","guid":{"rendered":"https:\/\/linitiative.ca\/International\/senegal-sadio-mane-annonce-la-construction-dun-stade-a-bambaly-au-senegal-son-village-natal\/"},"modified":"2022-06-16T10:09:23","modified_gmt":"2022-06-16T14:09:23","slug":"senegal-sadio-mane-annonce-la-construction-dun-stade-a-bambaly-au-senegal-son-village-natal","status":"publish","type":"post","link":"https:\/\/linitiative.ca\/International\/senegal-sadio-mane-annonce-la-construction-dun-stade-a-bambaly-au-senegal-son-village-natal\/","title":{"rendered":"S\u00e9n\u00e9gal: Sadio Man\u00e9 annonce la construction d\u2019un stade \u00e0 Bambaly au S\u00e9n\u00e9gal, son village natal"},"content":{"rendered":"<div>\n<p>L\u2019attaquant s\u00e9n\u00e9galais de Liverpool, Sadio Man\u00e9, va apporter un grand coup de pouce aux amateurs de football de son village, Bambaly. Il a d\u00e9cid\u00e9 d\u2019y construire un stade avec une pelouse synth\u00e9tique.<\/p>\n<p>Selon Senenews, le capitaine des Lions de la Teranga a fait cette annonce lors d\u2019un match de gala\u00a0 jou\u00e9 dans son village dans le cadre de la journ\u00e9e de pr\u00e9sentation du troph\u00e9e de la Coupe d\u2019Afrique des nations (Can).<\/p>\n<p>Ce match de gala qui a eu lieu sur le terrain du village plein de boue avait suscit\u00e9 de nombreuses r\u00e9actions sur les r\u00e9seaux sociaux. Mais pour l\u2019international s\u00e9n\u00e9galais, ce lieu est tr\u00e8s important parce qu\u2019il a commenc\u00e9 \u00e0 jouer au football sur ce terrain.<\/p>\n<p><em>\u00ab J\u2019ai rejou\u00e9 sur ce terrain historique avec beaucoup de plaisir. J\u2019ai beaucoup aim\u00e9 rejouer sous la pluie, sur le terrain de Bambaly. Mes anciens co\u00e9quipiers d\u2019enfance en ont fait la demande \u00bb,<\/em> a-t-il fait savoir \u00e0 la presse s\u00e9n\u00e9galaise \u00e0 travers un communiqu\u00e9 de presse.<\/p>\n<p>A la demande de ses amis de Bambaly, une nouvelle infrastructure sportive verra le jour dans quelques mois.<\/p>\n<p><strong>AK<\/strong><\/p>\n<\/div>\n<p>Auteur: Wamini SIDWAYA<br \/>\n<a href=\"https:\/\/www.sidwaya.info\/blog\/2022\/06\/16\/senegal-sadio-mane-annonce-la-construction-dun-stade-a-bambaly-au-senegal-son-village-natal\/\">Cliquez ici pour lire l&rsquo;article depuis sa source.<\/a><\/p>\n","protected":false},"excerpt":{"rendered":"<p>L\u2019attaquant s\u00e9n\u00e9galais de Liverpool, Sadio Man\u00e9, va apporter un grand coup de pouce aux amateurs de football de son village, Bambaly. Il a d\u00e9cid\u00e9 d\u2019y construire un stade avec une pelouse synth\u00e9tique. Selon Senenews, le capitaine des Lions de la Teranga a fait cette annonce lors d\u2019un match de gala\u00a0 jou\u00e9 dans son village dans [&hellip;]<\/p>\n","protected":false},"author":1816,"featured_media":0,"comment_status":"closed","ping_status":"closed","sticky":false,"template":"","format":"standard","meta":{"fifu_image_url":"","fifu_image_alt":"","footnotes":""},"categories":[73,81],"tags":[],"class_list":["post-150324","post","type-post","status-publish","format-standard","hentry","category-actualite","category-burkina-faso"],"_links":{"self":[{"href":"https:\/\/linitiative.ca\/International\/wp-json\/wp\/v2\/posts\/150324","targetHints":{"allow":["GET"]}}],"collection":[{"href":"https:\/\/linitiative.ca\/International\/wp-json\/wp\/v2\/posts"}],"about":[{"href":"https:\/\/linitiative.ca\/International\/wp-json\/wp\/v2\/types\/post"}],"author":[{"embeddable":true,"href":"https:\/\/linitiative.ca\/International\/wp-json\/wp\/v2\/users\/1816"}],"replies":[{"embeddable":true,"href":"https:\/\/linitiative.ca\/International\/wp-json\/wp\/v2\/comments?post=150324"}],"version-history":[{"count":0,"href":"https:\/\/linitiative.ca\/International\/wp-json\/wp\/v2\/posts\/150324\/revisions"}],"wp:attachment":[{"href":"https:\/\/linitiative.ca\/International\/wp-json\/wp\/v2\/media?parent=150324"}],"wp:term":[{"taxonomy":"category","embeddable":true,"href":"https:\/\/linitiative.ca\/International\/wp-json\/wp\/v2\/categories?post=150324"},{"taxonomy":"post_tag","embeddable":true,"href":"https:\/\/linitiative.ca\/International\/wp-json\/wp\/v2\/tags?post=150324"}],"curies":[{"name":"wp","href":"https:\/\/api.w.org\/{rel}","templated":true}]}}