{"id":150327,"date":"2022-06-16T12:59:05","date_gmt":"2022-06-16T16:59:05","guid":{"rendered":"https:\/\/linitiative.ca\/International\/gestion-durable-des-terres-et-des-semences-forestieres-des-experts-africains-saluent-lexperience-burkinabe\/"},"modified":"2022-06-16T12:59:05","modified_gmt":"2022-06-16T16:59:05","slug":"gestion-durable-des-terres-et-des-semences-forestieres-des-experts-africains-saluent-lexperience-burkinabe","status":"publish","type":"post","link":"https:\/\/linitiative.ca\/International\/gestion-durable-des-terres-et-des-semences-forestieres-des-experts-africains-saluent-lexperience-burkinabe\/","title":{"rendered":"Gestion durable des terres et des semences foresti\u00e8res : des experts africains saluent l\u2019exp\u00e9rience burkinab\u00e8"},"content":{"rendered":"<div>\n<p><strong>\u00a0<\/strong><strong>Dans le cadre de l\u2019atelier r\u00e9gional de partage d\u2019informations et d\u2019exp\u00e9riences sur la gestion durable des for\u00eats dans le contexte de changement climatique en Afrique, organis\u00e9 par le Forum Forestier Africain (African Forest Forum-AFF), du 6 au 10 juin 2022, \u00e0 Ouagadougou, des experts d\u2019une dizaine de pays d\u2019Afrique francophone ont touch\u00e9 du doigt l\u2019exp\u00e9rience burkinab\u00e8 en mati\u00e8re de gestion durable des terres et des semences foresti\u00e8res, \u00e0 l\u2019occasion d\u2019 une sortie-terrain sur les sites du bocage sah\u00e9lien de Gui\u00e8 et du Centre national de semences foresti\u00e8res (CNSF), le 9 juin dernier. Tous \u00e9difi\u00e9s, certains livrent ici leurs t\u00e9moignages. <\/strong><\/p>\n<figure id=\"attachment_51056\" aria-describedby=\"caption-attachment-51056\" style=\"width: 153px\" class=\"wp-caption alignleft\"><img loading=\"lazy\" decoding=\"async\" data-attachment-id=\"51056\" data-permalink=\"https:\/\/www.sidwaya.info\/blog\/2022\/06\/16\/gestion-durable-des-terres-et-des-semences-forestieres-des-experts-africains-saluent-lexperience-burkinabe\/1-2969\/\" data-orig-file=\"https:\/\/linitiative.ca\/International\/wp-content\/uploads\/sites\/23\/2022\/06\/1-63.jpg\" data-orig-size=\"597,615\" data-comments-opened=\"1\" data-image-meta='{\"aperture\":\"1.85\",\"credit\":\"\",\"camera\":\"TECNO KD7\",\"caption\":\"\",\"created_timestamp\":\"1654778994\",\"copyright\":\"\",\"focal_length\":\"3.63\",\"iso\":\"116\",\"shutter_speed\":\"0.001364\",\"title\":\"\",\"orientation\":\"1\"}' data-image-title=\"\" data-image-description=\"\" data-image-caption=\"&lt;p&gt;Joseph Moumbouilou, colonel des eaux et for\u00eats, Directeur G\u00e9n\u00e9ral de l\u2019Economie Foresti\u00e8re, R\u00e9publique du Congo : 1.\t\u00ab La presse doit accompagner cette association pour que le Burkina Faso soit un mod\u00e8le en mati\u00e8re de gestion durable des terres \u00bb. \u00a9 Photo : Mahamadi SEBGO pour Sidwaya.info. Editions Sidwaya&lt;\/p&gt;\n\" data-medium-file=\"https:\/\/www.sidwaya.info\/wp-content\/uploads\/2022\/06\/1-63-291x300.jpg\" data-large-file=\"https:\/\/linitiative.ca\/International\/wp-content\/uploads\/sites\/23\/2022\/06\/1-63.jpg\" class=\" wp-image-51056\" src=\"https:\/\/linitiative.ca\/International\/wp-content\/uploads\/sites\/23\/2022\/06\/1-63.jpg\" alt=\"\" width=\"153\" height=\"158\" srcset=\"https:\/\/linitiative.ca\/International\/wp-content\/uploads\/sites\/23\/2022\/06\/1-63.jpg 597w, https:\/\/www.sidwaya.info\/wp-content\/uploads\/2022\/06\/1-63-291x300.jpg 291w, https:\/\/www.sidwaya.info\/wp-content\/uploads\/2022\/06\/1-63-150x155.jpg 150w, https:\/\/www.sidwaya.info\/wp-content\/uploads\/2022\/06\/1-63-300x309.jpg 300w, https:\/\/www.sidwaya.info\/wp-content\/uploads\/2022\/06\/1-63-408x420.jpg 408w\" sizes=\"auto, (max-width: 153px) 100vw, 153px\"><figcaption id=\"caption-attachment-51056\" class=\"wp-caption-text\"><strong>Joseph Moumbouilou, colonel des eaux et for\u00eats, Directeur G\u00e9n\u00e9ral de l\u2019Economie Foresti\u00e8re, R\u00e9publique du Congo : \u00ab La presse doit accompagner cette association pour que le Burkina Faso soit un mod\u00e8le en mati\u00e8re de gestion durable des terres \u00bb. \u00a9 Photo : Mahamadi SEBOGO pour Sidwaya.info. Editions Sidwaya<\/strong><\/figcaption><\/figure>\n<p><strong><em>\u00ab\u00a0La presse doit accompagner cette association pour que le Burkina Faso soit un mod\u00e8le en mati\u00e8re de gestion durable des terres \u00bb,<\/em><\/strong><strong> Joseph Moumbouilou, colonel des eaux et for\u00eats, Directeur G\u00e9n\u00e9ral de l\u2019Economie Foresti\u00e8re, R\u00e9publique du Congo<\/strong><\/p>\n<p>\u00ab\u00a0Apr\u00e8s les partages d\u2019exp\u00e9riences des pays d\u2019Afrique centrale et de l\u2019Ouest en mati\u00e8re de gestion des terres et des for\u00eats, il a \u00e9t\u00e9 question de venir voir une approche de gestion durable des terres mise en place par une association \u00e0 Gui\u00e8, compos\u00e9e de 11 villages. L\u2019association est bien organis\u00e9e avec un conseil d\u2019administration, un coordonnateur de projet, un directeur. Elle dispose d\u2019une p\u00e9pini\u00e8re qui permet d\u2019avoir des plants pour reboiser dans les zones \u00e0 risque de d\u00e9gradation, d\u2019\u00e9rosion. Les 11 villages mutualisent leurs efforts pour lutter contre la pauvret\u00e9, \u00e0 travers la combinaison de l\u2019agriculture et de l\u2019\u00e9levage. Nous avons vu comment les terres sont mises en valeur sur les sites d\u2019exp\u00e9rimentation. C\u2019est une exp\u00e9rience \u00e0 capitaliser, surtout qu\u2019il s\u2019agit d\u2019une approche adapt\u00e9e au climat sah\u00e9lien, qui permet aux populations de trouver leur compte et de lutter contre la pauvret\u00e9. Je repars dans mon pays, la R\u00e9publique du Congo, avec une tr\u00e8s bonne impression. Cette exp\u00e9rience peut \u00eatre dupliqu\u00e9e dans d\u2019autres pays sah\u00e9liens comme le Niger, le Mali. J\u2019encourage cette association \u00e0 pers\u00e9v\u00e9rer dans cette initiative. Je l\u2019invite \u00e0 d\u00e9velopper le c\u00f4t\u00e9 communication, m\u00e9diatisation de leurs activit\u00e9s afin de pouvoir b\u00e9n\u00e9ficier du soutien, du financement pour que cette exp\u00e9rience soit multipli\u00e9e. Elle ne doit pas rester en vase clos. La presse doit accompagner cette association pour que le Burkina Faso soit un mod\u00e8le en mati\u00e8re de gestion durable des terres.\u00a0\u00bb<\/p>\n<figure id=\"attachment_51057\" aria-describedby=\"caption-attachment-51057\" style=\"width: 151px\" class=\"wp-caption alignright\"><img decoding=\"async\" data-attachment-id=\"51057\" data-permalink=\"https:\/\/www.sidwaya.info\/blog\/2022\/06\/16\/gestion-durable-des-terres-et-des-semences-forestieres-des-experts-africains-saluent-lexperience-burkinabe\/2-796\/\" data-orig-file=\"https:\/\/linitiative.ca\/International\/wp-content\/uploads\/sites\/23\/2022\/06\/2-23.jpg\" data-orig-size=\"473,410\" data-comments-opened=\"1\" data-image-meta='{\"aperture\":\"1.85\",\"credit\":\"\",\"camera\":\"TECNO KD7\",\"caption\":\"\",\"created_timestamp\":\"1654778499\",\"copyright\":\"\",\"focal_length\":\"3.63\",\"iso\":\"112\",\"shutter_speed\":\"0.000518\",\"title\":\"\",\"orientation\":\"1\"}' data-image-title=\"\" data-image-description=\"\" data-image-caption=\"&lt;p&gt;Pr Marie Louise Avana-Tientcheu, charg\u00e9e de programme \u00ab\u00a0For\u00eats africaines, populations et changement climatique\u00a0\u00bb \u00e0 l\u2019AFF, Kenya : 2.\t\u00ab Le bocage sah\u00e9lien est un exemple de bonne pratique qui m\u00e9rite d\u2019\u00eatre document\u00e9 et partag\u00e9 \u00bb. \u00a9 Photo : Mahamadi SEBOGO pour Sidwaya.info. Editions Sidwaya&lt;\/p&gt;\n\" data-medium-file=\"https:\/\/www.sidwaya.info\/wp-content\/uploads\/2022\/06\/2-23-300x260.jpg\" data-large-file=\"https:\/\/linitiative.ca\/International\/wp-content\/uploads\/sites\/23\/2022\/06\/2-23.jpg\" loading=\"lazy\" class=\" wp-image-51057\" src=\"https:\/\/linitiative.ca\/International\/wp-content\/uploads\/sites\/23\/2022\/06\/2-23.jpg\" alt=\"\" width=\"151\" height=\"131\" srcset=\"https:\/\/linitiative.ca\/International\/wp-content\/uploads\/sites\/23\/2022\/06\/2-23.jpg 473w, https:\/\/www.sidwaya.info\/wp-content\/uploads\/2022\/06\/2-23-300x260.jpg 300w, https:\/\/www.sidwaya.info\/wp-content\/uploads\/2022\/06\/2-23-150x130.jpg 150w\" sizes=\"auto, (max-width: 151px) 100vw, 151px\"><figcaption id=\"caption-attachment-51057\" class=\"wp-caption-text\"><strong>Pr Marie Louise Avana-Tientcheu, charg\u00e9e de programme \u00ab\u00a0For\u00eats africaines, populations et changement climatique\u00a0\u00bb \u00e0 l\u2019AFF, Kenya : \u00ab Le bocage sah\u00e9lien est un exemple de bonne pratique qui m\u00e9rite d\u2019\u00eatre document\u00e9 et partag\u00e9 \u00bb. \u00a9 Photo : Mahamadi SEBOGO pour Sidwaya.info. Editions Sidwaya.<\/strong><\/figcaption><\/figure>\n<p><strong><em>\u00ab\u00a0Le bocage sah\u00e9lien est un exemple de bonne pratique qui m\u00e9rite d\u2019\u00eatre document\u00e9 et partag\u00e9\u00a0\u00bb,<\/em><\/strong> <strong>Pr Marie Louise Avana-Tientcheu, charg\u00e9e de programme\u00a0\u00ab\u00a0For\u00eats africaines, populations et changement climatique\u00a0\u00bb\u00a0\u00e0 l\u2019AFF, Kenya<\/strong><\/p>\n<p>\u00ab\u00a0Je sors de cette visite du bocage sah\u00e9lien tr\u00e8s enrichie \u00e0 plusieurs niveaux. D\u2019abord, sur le plan de la conception de ce projet, de l\u2019approche utilis\u00e9e\u00a0; ensuite au niveau des r\u00e9sultats qui sont pertinents pour le contexte sah\u00e9lien. Au niveau de la conception, j\u2019ai \u00e9t\u00e9 frapp\u00e9e par la capacit\u00e9 de la population \u00e0 mener cette activit\u00e9 de restauration de leurs terres, de s\u2019en approprier de sorte \u00e0 tirer elle-m\u00eame les le\u00e7ons de ses \u00e9checs et de ses r\u00e9ussites. Cette fa\u00e7on de faire est g\u00e9n\u00e9ralement tr\u00e8s rare au niveau des communaut\u00e9s de base o\u00f9 l\u2019on aime les choses d\u00e9j\u00e0 bien faites, pr\u00eates \u00e0 \u00eatre utilis\u00e9es\u00a0! Qu\u2019une population s\u2019engage \u00e0 essayer, \u00e0 apprendre de ses faux pas et de ses succ\u00e8s est quelque d\u2019int\u00e9ressant en mati\u00e8re de conception de projet.<\/p>\n<p>En termes de techniques, nous avons vu l\u2019organisation des parcelles qui permet de r\u00e9soudre des probl\u00e8mes sociaux, notamment les conflits, en permettant aux agriculteurs et aux \u00e9leveurs de travailler ensemble, \u00e0 travers une technologie limitant le mouvement des animaux \u00e0 l\u2019int\u00e9rieur des champs.\u00a0 Cela m\u2019a aussi \u00e9difi\u00e9\u00a0!<\/p>\n<p>Pour ce qui est des r\u00e9sultats, ils sont l\u00e0, tangibles, parlent d\u2019eux-m\u00eames. Des terres, jadis d\u00e9grad\u00e9es, sont r\u00e9cup\u00e9r\u00e9es avec diff\u00e9rents niveaux de succ\u00e8s en fonction des techniques culturales utilis\u00e9es. Nous avons vu des techniques comme le za\u00ef, la mise en d\u00e9fens de parcelles. Je pense que nous avons l\u00e0 un exemple de bonne pratique qui m\u00e9rite d\u2019\u00eatre document\u00e9 et partag\u00e9. \u00bb<\/p>\n<figure id=\"attachment_51058\" aria-describedby=\"caption-attachment-51058\" style=\"width: 147px\" class=\"wp-caption alignright\"><img decoding=\"async\" data-attachment-id=\"51058\" data-permalink=\"https:\/\/www.sidwaya.info\/blog\/2022\/06\/16\/gestion-durable-des-terres-et-des-semences-forestieres-des-experts-africains-saluent-lexperience-burkinabe\/3-343\/\" data-orig-file=\"https:\/\/linitiative.ca\/International\/wp-content\/uploads\/sites\/23\/2022\/06\/3-12.jpg\" data-orig-size=\"510,420\" data-comments-opened=\"1\" data-image-meta='{\"aperture\":\"1.85\",\"credit\":\"\",\"camera\":\"TECNO KD7\",\"caption\":\"\",\"created_timestamp\":\"1654779883\",\"copyright\":\"\",\"focal_length\":\"3.63\",\"iso\":\"111\",\"shutter_speed\":\"0.006743\",\"title\":\"\",\"orientation\":\"1\"}' data-image-title=\"\" data-image-description=\"\" data-image-caption=\"&lt;p&gt;Dr Moussa Massaoudou, chercheur en \u00e9cologie foresti\u00e8re \u00e0 l\u2019Institut national de la recherche agronomique, Niger :\t\u00ab C\u2019est le pilier du d\u00e9veloppement des pays comme les n\u00f4tres \u00bb. \u00a9 Photo : Mahamadi SEBOGO pour Sidwaya.info. Editions Sidwaya.&lt;\/p&gt;\n\" data-medium-file=\"https:\/\/www.sidwaya.info\/wp-content\/uploads\/2022\/06\/3-12-300x247.jpg\" data-large-file=\"https:\/\/linitiative.ca\/International\/wp-content\/uploads\/sites\/23\/2022\/06\/3-12.jpg\" loading=\"lazy\" class=\" wp-image-51058\" src=\"https:\/\/linitiative.ca\/International\/wp-content\/uploads\/sites\/23\/2022\/06\/3-12.jpg\" alt=\"\" width=\"147\" height=\"121\" srcset=\"https:\/\/linitiative.ca\/International\/wp-content\/uploads\/sites\/23\/2022\/06\/3-12.jpg 510w, https:\/\/www.sidwaya.info\/wp-content\/uploads\/2022\/06\/3-12-300x247.jpg 300w, https:\/\/www.sidwaya.info\/wp-content\/uploads\/2022\/06\/3-12-150x124.jpg 150w\" sizes=\"auto, (max-width: 147px) 100vw, 147px\"><figcaption id=\"caption-attachment-51058\" class=\"wp-caption-text\"><strong>Dr Moussa Massaoudou, chercheur en \u00e9cologie foresti\u00e8re \u00e0 l\u2019Institut national de la recherche agronomique, Niger : \u00ab C\u2019est le pilier du d\u00e9veloppement des pays comme les n\u00f4tres \u00bb. \u00a9 Photo : Mahamadi SEBOGO pour Sidwaya.info. Editions Sidwaya.<\/strong><\/figcaption><\/figure>\n<p><strong><em>\u00ab\u00a0C\u2019est le pilier du d\u00e9veloppement des pays comme les n\u00f4tres\u00a0\u00bb<\/em><\/strong><strong>, Dr Moussa Massaoudou, chercheur en \u00e9cologie foresti\u00e8re \u00e0 l\u2019Institut national de la recherche agronomique, Niger<\/strong><\/p>\n<p>\u00ab\u00a0De prime abord, nous sommes impressionn\u00e9s par la structuration de la ferme. Nous sommes frapp\u00e9s par son organisation, son histoire\u00a0; c\u2019est une ferme qui date mais qui maintient ses activit\u00e9s, avec une diversification sur le plan social et un accent particulier sur l\u2019agroforesterie et la gestion durable des terres. Nous avons commenc\u00e9 la visite par la p\u00e9pini\u00e8re de la ferme. Nous avons \u00e9t\u00e9 impressionn\u00e9s par l\u2019inclusion des femmes dans la conduite des activit\u00e9s. Cela est extr\u00eamement important. La diversit\u00e9 des esp\u00e8ces v\u00e9g\u00e9tales dont regorge la p\u00e9pini\u00e8re est un plus dans la pr\u00e9servation de la biodiversit\u00e9 de la r\u00e9gion. Enfin, il y a la dimension humanitaire de cette activit\u00e9, \u00e0 travers la prise en compte des couches les plus vuln\u00e9rables de la communaut\u00e9.<\/p>\n<p>Pour ce qui est du bocage sah\u00e9lien, nous avons visit\u00e9 un site impressionnant qui est parti de z\u00e9ro o\u00f9 la d\u00e9gradation \u00e9tait tr\u00e8s avanc\u00e9e mais qui a \u00e9t\u00e9 totalement restaur\u00e9e, avec une pouss\u00e9e assez significative de la biodiversit\u00e9 sur le plan de la structuration et de la composition. \u00a0Les m\u00e9canismes de gestion de la ferme, les technologies agroforesti\u00e8res introduites et appropri\u00e9es par les communaut\u00e9s sont aussi impressionnants. Il s\u2019agit d\u2019une initiative extr\u00eamement pertinente qui m\u00e9rite d\u2019\u00eatre dupliqu\u00e9e dans d\u2019autres pays mais en l\u2019adaptant aux contextes. J\u2019appr\u00e9cie bien cette approche qui int\u00e8gre \u00e0 la fois la dimension sociale, environnementale, \u00e9ducationnelle. C\u2019est le pilier du d\u00e9veloppement des pays comme les n\u00f4tres.\u00a0\u00bb<\/p>\n<figure id=\"attachment_51059\" aria-describedby=\"caption-attachment-51059\" style=\"width: 148px\" class=\"wp-caption alignleft\"><img decoding=\"async\" data-attachment-id=\"51059\" data-permalink=\"https:\/\/www.sidwaya.info\/blog\/2022\/06\/16\/gestion-durable-des-terres-et-des-semences-forestieres-des-experts-africains-saluent-lexperience-burkinabe\/4-130\/\" data-orig-file=\"https:\/\/linitiative.ca\/International\/wp-content\/uploads\/sites\/23\/2022\/06\/4-4.jpg\" data-orig-size=\"460,336\" data-comments-opened=\"1\" data-image-meta='{\"aperture\":\"1.85\",\"credit\":\"\",\"camera\":\"TECNO KD7\",\"caption\":\"\",\"created_timestamp\":\"1654780425\",\"copyright\":\"\",\"focal_length\":\"3.63\",\"iso\":\"111\",\"shutter_speed\":\"0.002079\",\"title\":\"\",\"orientation\":\"1\"}' data-image-title=\"\" data-image-description=\"\" data-image-caption=\"&lt;p&gt;Pr Brice Sinsin, enseignant-chercheur en conservation des ressources naturelles, Universit\u00e9 d\u2019Abomey-Calavi, B\u00e9nin :\t\u00ab Ce qui est \u00e9galement original, c\u2019est l\u2019accent mis sur les esp\u00e8ces locales \u00bb. \u00a9 Photo : Mahamadi SEBOGO pour Sidwaya.info. Editions Sidwaya.&lt;\/p&gt;\n\" data-medium-file=\"https:\/\/www.sidwaya.info\/wp-content\/uploads\/2022\/06\/4-4-300x219.jpg\" data-large-file=\"https:\/\/linitiative.ca\/International\/wp-content\/uploads\/sites\/23\/2022\/06\/4-4.jpg\" loading=\"lazy\" class=\" wp-image-51059\" src=\"https:\/\/linitiative.ca\/International\/wp-content\/uploads\/sites\/23\/2022\/06\/4-4.jpg\" alt=\"\" width=\"148\" height=\"108\" srcset=\"https:\/\/linitiative.ca\/International\/wp-content\/uploads\/sites\/23\/2022\/06\/4-4.jpg 460w, https:\/\/www.sidwaya.info\/wp-content\/uploads\/2022\/06\/4-4-300x219.jpg 300w, https:\/\/www.sidwaya.info\/wp-content\/uploads\/2022\/06\/4-4-150x110.jpg 150w, https:\/\/www.sidwaya.info\/wp-content\/uploads\/2022\/06\/4-4-324x235.jpg 324w\" sizes=\"auto, (max-width: 148px) 100vw, 148px\"><figcaption id=\"caption-attachment-51059\" class=\"wp-caption-text\"><strong>Pr Brice Sinsin, enseignant-chercheur en conservation des ressources naturelles, Universit\u00e9 d\u2019Abomey-Calavi, B\u00e9nin : \u00ab Ce qui est \u00e9galement original, c\u2019est l\u2019accent mis sur les esp\u00e8ces locales \u00bb. \u00a9 Photo : Mahamadi SEBOGO pour Sidwaya.info. Editions Sidwaya.<\/strong><\/figcaption><\/figure>\n<p><strong><em>\u00ab\u00a0Ce qui est \u00e9galement original, c\u2019est l\u2019accent mis sur les esp\u00e8ces locales\u00a0\u00bb, <\/em><\/strong><strong>Pr Brice Sinsin, enseignant-chercheur en conservation des ressources naturelles, Universit\u00e9 d\u2019Abomey-Calavi, B\u00e9nin <\/strong><\/p>\n<p>\u00ab\u00a0Nous avons vu une initiative assez originale\u00a0! Mieux valoriser une terre qui aurait \u00e9t\u00e9 qualifi\u00e9e d\u2019improductive, jusqu\u2019\u00e0 lui donner toute la capacit\u00e9 de produire de bons rendements de sorgo, de ni\u00e9b\u00e9, de mil, \u00e0 partir de techniques simples, maitrisables par les populations elles-m\u00eames, est quelque chose d\u2019impressionnant.\u00a0 Nous avons \u00e9t\u00e9 impressionn\u00e9s par cette technique de bocage sah\u00e9lien, o\u00f9 l\u2019on am\u00e9nage des haies vives, \u00e0 l\u2019int\u00e9rieur, l\u2019on fait de la production agricole, en am\u00e9liorant le support de production, \u00e0 travers la scarification sur le sol, les micro-diguettes, le compost fabriqu\u00e9 localement.<\/p>\n<p>C\u2019est une approche que l\u2019on peut dupliquer un peu partout. Comme vous le savez, le Sahel est une donn\u00e9e commune. Nous avons par exemple ce programme de reboisement de Djibouti \u00e0 Dakar, au S\u00e9n\u00e9gal, \u00e0 travers la Grande muraille verte. C\u2019est ce que nous appelons la zone soudanienne, avec sa zone de transition sah\u00e9lienne. Il s\u2019agit d\u2019une zone partag\u00e9e par plusieurs pays comme le Burkina Faso, le Niger, le Mali, la R\u00e9publique centrafricaine, le Nig\u00e9ria, le Cameroun, le Tchad, etc. Du point de vue conceptuel, le bocage laisse comme le\u00e7on que partout o\u00f9 vous avez un sol qui, \u00e0 priori n\u2019est pas agricole, vous pouvez l\u2019am\u00e9liorer, pour en sortir des rendements. C\u2019est un peu \u00e0 l\u2019image des dunes c\u00f4ti\u00e8res au niveau des pays c\u00f4tiers, qui sont valoris\u00e9es dans les m\u00eames conditions comme au Sahel ; il suffit de cr\u00e9er le support pour que la plante puisse donner de bons rendements.<\/p>\n<p>Ce qui est \u00e9galement original au niveau de la p\u00e9pini\u00e8re, c\u2019est l\u2019accent mis sur les esp\u00e8ces locales. 80% de plants qui y sont produits sont typiquement autochtones. Cela est extr\u00eamement important. Il faut que nous valorisions notre potentiel de biodiversit\u00e9. J\u2019\u00e9tais tellement \u00e9merveill\u00e9 que j\u2019ai pris certaines esp\u00e8ces pour amener au B\u00e9nin. Je m\u2019insurge toujours contre une foresterie urbaine bas\u00e9e sur des esp\u00e8ces exotiques, c\u2019est malheureux\u00a0! Quand on visite nos capitales, on devrait d\u00e9couvrir la biodiversit\u00e9 locale. Mais sur ce plan, nos forestiers sont paresseux. Car, c\u2019est \u00e0 eux de faire la vulgarisation de p\u00e9pini\u00e8res d\u2019esp\u00e8ces locales que l\u2019on va utiliser par la suite pour reverdir nos villes. On ne peut pas \u00eatre au Burkina et voir ce qu\u2019on devrait voir \u00e0 Madagascar ou \u00eatre \u00e0 Madagascar et voir ce qui devrait \u00eatre vu au K\u00e9nyan, etc.\u00a0\u00bb<\/p>\n<figure id=\"attachment_51060\" aria-describedby=\"caption-attachment-51060\" style=\"width: 129px\" class=\"wp-caption alignright\"><img decoding=\"async\" data-attachment-id=\"51060\" data-permalink=\"https:\/\/www.sidwaya.info\/blog\/2022\/06\/16\/gestion-durable-des-terres-et-des-semences-forestieres-des-experts-africains-saluent-lexperience-burkinabe\/5-33\/\" data-orig-file=\"https:\/\/linitiative.ca\/International\/wp-content\/uploads\/sites\/23\/2022\/06\/5.jpg\" data-orig-size=\"460,330\" data-comments-opened=\"1\" data-image-meta='{\"aperture\":\"1.85\",\"credit\":\"\",\"camera\":\"TECNO KD7\",\"caption\":\"\",\"created_timestamp\":\"1654794675\",\"copyright\":\"\",\"focal_length\":\"3.63\",\"iso\":\"111\",\"shutter_speed\":\"0.006743\",\"title\":\"\",\"orientation\":\"1\"}' data-image-title=\"\" data-image-description=\"\" data-image-caption=\"&lt;p&gt;Fatoumata Clarisse Diomand\u00e9, lieutenant-colonel des eaux et for\u00eats, sous-directrice de la production foresti\u00e8re et des produits secondaires, R\u00e9publique de C\u00f4te-d\u2019Ivoire : \u00ab Nous avons \u00e9t\u00e9 impressionn\u00e9s par l\u2019implication des femmes dans le travail de p\u00e9pini\u00e9ristes \u00bb. \u00a9 Photo : Mahamadi SEBOGO pour Sidwaya.info. Editions Sidwaya&lt;\/p&gt;\n\" data-medium-file=\"https:\/\/www.sidwaya.info\/wp-content\/uploads\/2022\/06\/5-300x215.jpg\" data-large-file=\"https:\/\/linitiative.ca\/International\/wp-content\/uploads\/sites\/23\/2022\/06\/5.jpg\" loading=\"lazy\" class=\" wp-image-51060\" src=\"https:\/\/linitiative.ca\/International\/wp-content\/uploads\/sites\/23\/2022\/06\/5.jpg\" alt=\"\" width=\"129\" height=\"93\" srcset=\"https:\/\/linitiative.ca\/International\/wp-content\/uploads\/sites\/23\/2022\/06\/5.jpg 460w, https:\/\/www.sidwaya.info\/wp-content\/uploads\/2022\/06\/5-300x215.jpg 300w, https:\/\/www.sidwaya.info\/wp-content\/uploads\/2022\/06\/5-150x108.jpg 150w, https:\/\/www.sidwaya.info\/wp-content\/uploads\/2022\/06\/5-324x235.jpg 324w\" sizes=\"auto, (max-width: 129px) 100vw, 129px\"><figcaption id=\"caption-attachment-51060\" class=\"wp-caption-text\"><strong>Fatoumata Clarisse Diomand\u00e9, lieutenant-colonel des eaux et for\u00eats, sous-directrice de la production foresti\u00e8re et des produits secondaires, R\u00e9publique de C\u00f4te-d\u2019Ivoire : \u00ab Nous avons \u00e9t\u00e9 impressionn\u00e9s par l\u2019implication des femmes dans le travail de p\u00e9pini\u00e9ristes \u00bb. \u00a9 Photo : Mahamadi SEBOGO pour Sidwaya.info. Editions Sidwaya<\/strong><\/figcaption><\/figure>\n<p><strong><em>\u00ab\u00a0Nous avons \u00e9t\u00e9 impressionn\u00e9s par l\u2019implication des femmes dans le travail de p\u00e9pini\u00e9ristes \u00bb<\/em><\/strong><strong>, Fatoumata Clarisse Diomand\u00e9, lieutenant-colonel des eaux et for\u00eats, sous-directrice de la production foresti\u00e8re et des produits secondaires, R\u00e9publique de C\u00f4te-d\u2019Ivoire<\/strong><\/p>\n<p>\u00ab\u00a0Ces diff\u00e9rentes visites nous ont suffisamment \u00e9difi\u00e9s. La C\u00f4te-d\u2019Ivoire est un pays forestier, cela fait que nous ne prenons pas la pleine mesure de l\u2019importance d\u2019avoir des essais au niveau de la recherche et de les impl\u00e9menter. Ces sorties-terrain nous ont permis de comprendre qu\u2019il y a beaucoup de travail \u00e0 faire. En C\u00f4te-d\u2019Ivoire, nous sommes en train d\u2019impl\u00e9menter une nouvelle politique, et ces diff\u00e9rentes visites-terrain vont nous permettre de nous en inspirer. On constate qu\u2019au niveau du Burkina Faso, il y a une v\u00e9ritable volont\u00e9 politique en mati\u00e8re de semences foresti\u00e8res. Cela manque un peu en C\u00f4te-d\u2019Ivoire. Quand nous allons rentrer au pays, nous allons informer la hi\u00e9rarchie afin que l\u2019on puisse essayer d\u2019impl\u00e9menter quelque chose, m\u00eame si ce n\u2019est pas \u00e0 la m\u00eame \u00e9chelle. Car, nous savons que ce que nous avons vu ne s\u2019est pas fait pas en une ann\u00e9e, c\u2019est plut\u00f4t un travail de longue haleine. Nous allons commencer au niveau de l\u2019administration, ne serait-ce que pour avoir notre propre centre de semences ou les p\u00e9pini\u00e8res de l\u2019administration, m\u00eame si nous en avons d\u00e9j\u00e0 au niveau de nos directions r\u00e9gionales.<\/p>\n<p>Au niveau de la p\u00e9pini\u00e8re de la ferme bocag\u00e8re de Gui\u00e8, nous avons \u00e9t\u00e9 impressionn\u00e9s par l\u2019implication des femmes dans le travail de p\u00e9pini\u00e9ristes. Nous avons vu que la responsable maitrise bien son travail, elle connait m\u00eame le nom scientifique de certaines esp\u00e8ces que nous, experts, ne connaissons pas. Cela montre que l\u2019on n\u2019a pas besoin de faire de longues \u00e9tudes pour mettre en \u0153uvre des bonnes pratiques\u00a0; cela est possible avec des formations de courte dur\u00e9e.\u00a0\u00bb<\/p>\n<figure id=\"attachment_51061\" aria-describedby=\"caption-attachment-51061\" style=\"width: 130px\" class=\"wp-caption alignleft\"><img decoding=\"async\" data-attachment-id=\"51061\" data-permalink=\"https:\/\/www.sidwaya.info\/blog\/2022\/06\/16\/gestion-durable-des-terres-et-des-semences-forestieres-des-experts-africains-saluent-lexperience-burkinabe\/6-18\/\" data-orig-file=\"https:\/\/linitiative.ca\/International\/wp-content\/uploads\/sites\/23\/2022\/06\/6.jpg\" data-orig-size=\"422,295\" data-comments-opened=\"1\" data-image-meta='{\"aperture\":\"1.85\",\"credit\":\"\",\"camera\":\"TECNO KD7\",\"caption\":\"\",\"created_timestamp\":\"1654794346\",\"copyright\":\"\",\"focal_length\":\"3.63\",\"iso\":\"246\",\"shutter_speed\":\"0.029997\",\"title\":\"\",\"orientation\":\"1\"}' data-image-title=\"\" data-image-description=\"\" data-image-caption=\"&lt;p&gt;Dr Grace Jopaul Loubota Panzou, sp\u00e9cialiste en \u00e9cologie et gestion des for\u00eats, Universit\u00e9 Marien-N\u2019Gouabi, Congo Brazzaville :\t\u00ab Il y a un travail incroyable qui se fait au niveau du CNSF \u00bb. \u00a9 Photo : Mahamadi SEBOGO pour Sidwaya.info. Editions Sidwaya.&lt;\/p&gt;\n\" data-medium-file=\"https:\/\/www.sidwaya.info\/wp-content\/uploads\/2022\/06\/6-300x210.jpg\" data-large-file=\"https:\/\/linitiative.ca\/International\/wp-content\/uploads\/sites\/23\/2022\/06\/6.jpg\" loading=\"lazy\" class=\" wp-image-51061\" src=\"https:\/\/linitiative.ca\/International\/wp-content\/uploads\/sites\/23\/2022\/06\/6.jpg\" alt=\"\" width=\"130\" height=\"91\" srcset=\"https:\/\/linitiative.ca\/International\/wp-content\/uploads\/sites\/23\/2022\/06\/6.jpg 422w, https:\/\/www.sidwaya.info\/wp-content\/uploads\/2022\/06\/6-300x210.jpg 300w, https:\/\/www.sidwaya.info\/wp-content\/uploads\/2022\/06\/6-150x105.jpg 150w, https:\/\/www.sidwaya.info\/wp-content\/uploads\/2022\/06\/6-100x70.jpg 100w\" sizes=\"auto, (max-width: 130px) 100vw, 130px\"><figcaption id=\"caption-attachment-51061\" class=\"wp-caption-text\"><strong>Dr Grace Jopaul Loubota Panzou, sp\u00e9cialiste en \u00e9cologie et gestion des for\u00eats, Universit\u00e9 Marien-N\u2019Gouabi, Congo Brazzaville : \u00ab Il y a un travail incroyable qui se fait au niveau du CNSF \u00bb. \u00a9 Photo : Mahamadi SEBOGO pour Sidwaya.info. Editions Sidwaya.<\/strong><\/figcaption><\/figure>\n<p><strong><em>\u00ab Il y a\u00a0un travail incroyable qui se fait au niveau du CNSF\u00a0\u00bb,<\/em><\/strong> <strong>Dr Grace Jopaul Loubota Panzou, sp\u00e9cialiste en \u00e9cologie et gestion des for\u00eats, Universit\u00e9 Marien-N\u2019Gouabi, Congo Brazzaville\u00a0<\/strong><\/p>\n<p>\u00ab\u00a0Ces deux visites ont \u00e9t\u00e9 tr\u00e8s enrichissantes. D\u2019abord, au niveau de l\u2019am\u00e9nagement bocager pour la gestion durables des terres, nous avons vu des choses int\u00e9ressantes. Il en est de m\u00eame au Centre national de semences foresti\u00e8res (CNSF) o\u00f9 nous avons vu un nombre incroyable d\u2019esp\u00e8ces v\u00e9g\u00e9tales mises en germination ou en d\u00e9veloppant leurs aptitudes \u00e0 la multiplication v\u00e9g\u00e9tative. Le centre met l\u2019accent sur la vente de graines fiables aux partenaires au niveau national et international. Je trouve \u00e9galement cela int\u00e9ressant\u00a0! Depuis le Congo, nous faisons des commandes de graines de certaines esp\u00e8ces au niveau de ce centre afin de faire de la multiplication, de la germination pour des objectifs de reboisement, de reforestation.<\/p>\n<p>En r\u00e9sum\u00e9, cette journ\u00e9e de visite a \u00e9t\u00e9 tr\u00e8s b\u00e9n\u00e9fique pour nous autres qui venons des pays \u00e0 for\u00eat tr\u00e8s dense et qui d\u00e9couvrons un autre contexte \u00e0 for\u00eat claire. Il est toujours int\u00e9ressant d\u2019avoir ce genre d\u2019initiatives de partage d\u2019informations et d\u2019exp\u00e9riences. Ce Centre m\u2019a particuli\u00e8rement marqu\u00e9, tant au niveau de la logistique que sur le plan organisationnel, suivant des proc\u00e9dures, depuis la r\u00e9colte jusqu\u2019\u00e0 la validation de la viabilit\u00e9 des graines. Il y a un travail incroyable qui se fait ici. Surtout qu\u2019on y associe la recherche. Cela est tr\u00e8s important.\u00a0\u00bb<\/p>\n<p><strong>Propos recueillis par<\/strong><\/p>\n<p><strong>Mahamadi SEBOGO<\/strong><\/p>\n<p><a href=\"mailto:Windmad76@gmail.com\"><strong>Windmad76@gmail.com<\/strong><\/a><\/p>\n<\/div>\n<p>Auteur: Wamini SIDWAYA<br \/>\n<a href=\"https:\/\/www.sidwaya.info\/blog\/2022\/06\/16\/gestion-durable-des-terres-et-des-semences-forestieres-des-experts-africains-saluent-lexperience-burkinabe\/\">Cliquez ici pour lire l&rsquo;article depuis sa source.<\/a><\/p>\n","protected":false},"excerpt":{"rendered":"<p>\u00a0Dans le cadre de l\u2019atelier r\u00e9gional de partage d\u2019informations et d\u2019exp\u00e9riences sur la gestion durable des for\u00eats dans le contexte de changement climatique en Afrique, organis\u00e9 par le Forum Forestier Africain (African Forest Forum-AFF), du 6 au 10 juin 2022, \u00e0 Ouagadougou, des experts d\u2019une dizaine de pays d\u2019Afrique francophone ont touch\u00e9 du doigt l\u2019exp\u00e9rience [&hellip;]<\/p>\n","protected":false},"author":1816,"featured_media":0,"comment_status":"closed","ping_status":"closed","sticky":false,"template":"","format":"standard","meta":{"fifu_image_url":"https:\/\/www.sidwaya.info\/wp-content\/uploads\/2022\/06\/1-63.jpg","fifu_image_alt":"Gestion durable des terres et des semences foresti\u00e8res : des experts africains saluent l\u2019exp\u00e9rience burkinab\u00e8","footnotes":""},"categories":[73,81],"tags":[],"class_list":["post-150327","post","type-post","status-publish","format-standard","hentry","category-actualite","category-burkina-faso"],"_links":{"self":[{"href":"https:\/\/linitiative.ca\/International\/wp-json\/wp\/v2\/posts\/150327","targetHints":{"allow":["GET"]}}],"collection":[{"href":"https:\/\/linitiative.ca\/International\/wp-json\/wp\/v2\/posts"}],"about":[{"href":"https:\/\/linitiative.ca\/International\/wp-json\/wp\/v2\/types\/post"}],"author":[{"embeddable":true,"href":"https:\/\/linitiative.ca\/International\/wp-json\/wp\/v2\/users\/1816"}],"replies":[{"embeddable":true,"href":"https:\/\/linitiative.ca\/International\/wp-json\/wp\/v2\/comments?post=150327"}],"version-history":[{"count":0,"href":"https:\/\/linitiative.ca\/International\/wp-json\/wp\/v2\/posts\/150327\/revisions"}],"wp:attachment":[{"href":"https:\/\/linitiative.ca\/International\/wp-json\/wp\/v2\/media?parent=150327"}],"wp:term":[{"taxonomy":"category","embeddable":true,"href":"https:\/\/linitiative.ca\/International\/wp-json\/wp\/v2\/categories?post=150327"},{"taxonomy":"post_tag","embeddable":true,"href":"https:\/\/linitiative.ca\/International\/wp-json\/wp\/v2\/tags?post=150327"}],"curies":[{"name":"wp","href":"https:\/\/api.w.org\/{rel}","templated":true}]}}