{"id":150334,"date":"2022-06-16T14:18:03","date_gmt":"2022-06-16T18:18:03","guid":{"rendered":"https:\/\/linitiative.ca\/International\/afrique-du-sud-lautonomisation-des-jeunes-une-priorite-du-gouvernement\/"},"modified":"2022-06-16T14:18:03","modified_gmt":"2022-06-16T18:18:03","slug":"afrique-du-sud-lautonomisation-des-jeunes-une-priorite-du-gouvernement","status":"publish","type":"post","link":"https:\/\/linitiative.ca\/International\/afrique-du-sud-lautonomisation-des-jeunes-une-priorite-du-gouvernement\/","title":{"rendered":"Afrique du Sud : l\u2019autonomisation des jeunes, une priorit\u00e9 du gouvernement"},"content":{"rendered":"<div>\n<p><img decoding=\"async\" width=\"1748\" height=\"994\" src=\"https:\/\/linitiative.ca\/International\/wp-content\/uploads\/sites\/23\/2022\/06\/16554034838419.jpg\" class=\"attachment-post-thumbnail size-post-thumbnail wp-post-image\" alt=\"\" loading=\"lazy\" srcset=\"https:\/\/linitiative.ca\/International\/wp-content\/uploads\/sites\/23\/2022\/06\/16554034838419.jpg 1748w, https:\/\/www.journalducameroun.com\/wp-content\/uploads\/2022\/06\/16554034838419-300x171.jpg 300w, https:\/\/www.journalducameroun.com\/wp-content\/uploads\/2022\/06\/16554034838419-1024x582.jpg 1024w, https:\/\/www.journalducameroun.com\/wp-content\/uploads\/2022\/06\/16554034838419-768x437.jpg 768w, https:\/\/www.journalducameroun.com\/wp-content\/uploads\/2022\/06\/16554034838419-1536x873.jpg 1536w, https:\/\/www.journalducameroun.com\/wp-content\/uploads\/2022\/06\/16554034838419-380x215.jpg 380w, https:\/\/www.journalducameroun.com\/wp-content\/uploads\/2022\/06\/16554034838419-160x90.jpg 160w, https:\/\/www.journalducameroun.com\/wp-content\/uploads\/2022\/06\/16554034838419-240x135.jpg 240w, https:\/\/www.journalducameroun.com\/wp-content\/uploads\/2022\/06\/16554034838419-774x440.jpg 774w, https:\/\/www.journalducameroun.com\/wp-content\/uploads\/2022\/06\/16554034838419-350x200.jpg 350w, https:\/\/www.journalducameroun.com\/wp-content\/uploads\/2022\/06\/16554034838419-600x341.jpg 600w\" sizes=\"auto, (max-width: 1748px) 100vw, 1748px\"><\/p>\n<p>Le ministre \u00e0 la Pr\u00e9sidence, Mondli Gungubele, a encourag\u00e9, ce jeudi, les jeunes \u00e0 saisir toutes les opportunit\u00e9s qui leur sont offertes pour cr\u00e9er et d\u00e9velopper leurs propres entreprises.Le 16 juin de chaque ann\u00e9e, l&rsquo;Afrique du Sud se souvient du massacre de Soweto. Il y a 46 ans, jour pour jour, des jeunes de ce township marchaient contre une d\u00e9cision du gouvernement qui voulait imposer l&rsquo;afrikaans, parl\u00e9 par les Blancs, comme langue d&rsquo;enseignement. Ce jour-l\u00e0, la police a ouvert le feu sur les manifestants. Officiellement, le bilan \u00e9tait de 23 morts, mais il serait proche de 200 d\u00e9c\u00e8s selon certaines sources.<\/p>\n<p>La date est devenue, en Afrique du Sud, la Journ\u00e9e des jeunes en reconnaissance de leur sacrifice pour la nation arc-en-ciel. Au fil du temps, le droit \u00e0 l&rsquo;\u00e9ducation et \u00e0 l&#8217;emploi se sont impos\u00e9s comme des sujets majeurs lors de la comm\u00e9moration.<\/p>\n<p>Durant celle de cette ann\u00e9e, Mondli Gungubele, le ministre \u00e0 la Pr\u00e9sidence, a d\u00e9clar\u00e9 que \u00ab les jeunes sont l&rsquo;avenir de ce pays. Par cons\u00e9quent, le gouvernement reste d\u00e9termin\u00e9 \u00e0 cr\u00e9er un environnement favorable afin qu&rsquo;ils deviennent des entrepreneurs et des dirigeants prosp\u00e8res \u00bb.<\/p>\n<p>Poursuivant, il a invit\u00e9 cette frange de la population sud-africaine \u00e0 aider l&rsquo;Etat \u00e0 \u00ab\u00a0construire un meilleur avenir pour tous \u00bb. D&rsquo;apr\u00e8s le Syst\u00e8me de communication et d&rsquo;information du gouvernement (GCIS, sigle en anglais), des efforts sont consentis pour \u00e9duquer et former les jeunes, mais aussi stimuler l&#8217;emploi \u00e0 travers notamment la mise en place d&rsquo;un fonds d\u00e9di\u00e9.<\/p>\n<p>\u00ab Depuis octobre 2020, les deux premi\u00e8res phases du programme pr\u00e9sidentiel de stimulation de l&#8217;emploi ont cr\u00e9\u00e9 850.000 opportunit\u00e9s pour des cibles compos\u00e9es \u00e0 84 % de jeunes\u00a0\u00bb, a expliqu\u00e9 le GCIS.<\/p>\n<p>Le dernier programme en date a commenc\u00e9 \u00e0 recruter 50.000 jeunes dans les domaines de la s\u00e9curit\u00e9 communautaire, de l&rsquo;alimentation et de la nutrition, de l&rsquo;inclusion num\u00e9rique, des sports, des arts et des loisirs, a ajout\u00e9 la source.<\/p>\n<p>Cet article <a rel=\"nofollow\" href=\"https:\/\/www.journalducameroun.com\/afrique-du-sud-lautonomisation-des-jeunes-une-priorite-du-gouvernement\/\">Afrique du Sud : l\u2019autonomisation des jeunes, une priorit\u00e9 du gouvernement<\/a> est apparu en premier sur <a rel=\"nofollow\" href=\"https:\/\/www.journalducameroun.com\/\">Journal du Cameroun<\/a>.<\/p>\n<\/div>\n<p>Auteur: APA News<br \/>\n<a href=\"https:\/\/www.journalducameroun.com\/afrique-du-sud-lautonomisation-des-jeunes-une-priorite-du-gouvernement\/\">Cliquez ici pour lire l&rsquo;article depuis sa source.<\/a><\/p>\n","protected":false},"excerpt":{"rendered":"<p>Le ministre \u00e0 la Pr\u00e9sidence, Mondli Gungubele, a encourag\u00e9, ce jeudi, les jeunes \u00e0 saisir toutes les opportunit\u00e9s qui leur sont offertes pour cr\u00e9er et d\u00e9velopper leurs propres entreprises.Le 16 juin de chaque ann\u00e9e, l&rsquo;Afrique du Sud se souvient du massacre de Soweto. Il y a 46 ans, jour pour jour, des jeunes de ce [&hellip;]<\/p>\n","protected":false},"author":1965,"featured_media":0,"comment_status":"closed","ping_status":"closed","sticky":false,"template":"","format":"standard","meta":{"fifu_image_url":"https:\/\/www.journalducameroun.com\/wp-content\/uploads\/2022\/06\/16554034838419.jpg","fifu_image_alt":"Afrique du Sud : l\u2019autonomisation des jeunes, une priorit\u00e9 du gouvernement","footnotes":""},"categories":[73,82],"tags":[],"class_list":["post-150334","post","type-post","status-publish","format-standard","hentry","category-actualite","category-cameroun"],"_links":{"self":[{"href":"https:\/\/linitiative.ca\/International\/wp-json\/wp\/v2\/posts\/150334","targetHints":{"allow":["GET"]}}],"collection":[{"href":"https:\/\/linitiative.ca\/International\/wp-json\/wp\/v2\/posts"}],"about":[{"href":"https:\/\/linitiative.ca\/International\/wp-json\/wp\/v2\/types\/post"}],"author":[{"embeddable":true,"href":"https:\/\/linitiative.ca\/International\/wp-json\/wp\/v2\/users\/1965"}],"replies":[{"embeddable":true,"href":"https:\/\/linitiative.ca\/International\/wp-json\/wp\/v2\/comments?post=150334"}],"version-history":[{"count":0,"href":"https:\/\/linitiative.ca\/International\/wp-json\/wp\/v2\/posts\/150334\/revisions"}],"wp:attachment":[{"href":"https:\/\/linitiative.ca\/International\/wp-json\/wp\/v2\/media?parent=150334"}],"wp:term":[{"taxonomy":"category","embeddable":true,"href":"https:\/\/linitiative.ca\/International\/wp-json\/wp\/v2\/categories?post=150334"},{"taxonomy":"post_tag","embeddable":true,"href":"https:\/\/linitiative.ca\/International\/wp-json\/wp\/v2\/tags?post=150334"}],"curies":[{"name":"wp","href":"https:\/\/api.w.org\/{rel}","templated":true}]}}