{"id":150336,"date":"2022-06-16T15:18:03","date_gmt":"2022-06-16T19:18:03","guid":{"rendered":"https:\/\/linitiative.ca\/International\/cote-divoire-renforcement-de-capacites-dinspecteurs-generaux-detat\/"},"modified":"2022-06-16T15:18:03","modified_gmt":"2022-06-16T19:18:03","slug":"cote-divoire-renforcement-de-capacites-dinspecteurs-generaux-detat","status":"publish","type":"post","link":"https:\/\/linitiative.ca\/International\/cote-divoire-renforcement-de-capacites-dinspecteurs-generaux-detat\/","title":{"rendered":"C\u00f4te d\u2019Ivoire : renforcement de capacit\u00e9s d\u2019inspecteurs g\u00e9n\u00e9raux d\u2019Etat"},"content":{"rendered":"<div>\n<p><img decoding=\"async\" width=\"1024\" height=\"683\" src=\"https:\/\/linitiative.ca\/International\/wp-content\/uploads\/sites\/23\/2022\/06\/16554070845932.jpg\" class=\"attachment-post-thumbnail size-post-thumbnail wp-post-image\" alt=\"\" loading=\"lazy\" srcset=\"https:\/\/linitiative.ca\/International\/wp-content\/uploads\/sites\/23\/2022\/06\/16554070845932.jpg 1024w, https:\/\/www.journalducameroun.com\/wp-content\/uploads\/2022\/06\/16554070845932-300x200.jpg 300w, https:\/\/www.journalducameroun.com\/wp-content\/uploads\/2022\/06\/16554070845932-768x512.jpg 768w, https:\/\/www.journalducameroun.com\/wp-content\/uploads\/2022\/06\/16554070845932-660x440.jpg 660w, https:\/\/www.journalducameroun.com\/wp-content\/uploads\/2022\/06\/16554070845932-600x400.jpg 600w\" sizes=\"auto, (max-width: 1024px) 100vw, 1024px\"><\/p>\n<p>Entre le 31 mai et le 7 juin 2022, des sessions de formation en contr\u00f4le et audit ont eu lieu \u00e0 Assinie, dans le Sud-Est du pays.Une centaine d&rsquo;inspecteurs g\u00e9n\u00e9raux d&rsquo;Etat de C\u00f4te d&rsquo;Ivoire ont particip\u00e9 \u00e0 l&rsquo;activit\u00e9 organis\u00e9e par l&rsquo;Inspection G\u00e9n\u00e9rale d&rsquo;Etat (IGE) en liaison avec le Projet d&rsquo;appui \u00e0 la gestion \u00e9conomique et financi\u00e8re (Pagef).<\/p>\n<p>Une premi\u00e8re session s&rsquo;est tenue du 31 mai au 4 juin et une seconde du 7 au 11 juin. L&rsquo;objectif \u00e9tait de permettre \u00e0 ces agents de s&rsquo;approprier des guides et manuels de contr\u00f4le, mais aussi d&rsquo;audit interne et externe \u00e9labor\u00e9s dans le cadre d&rsquo;un processus.<\/p>\n<p>Dans les discussions, il a \u00e9t\u00e9 rappel\u00e9 que la nouvelle loi organique relative aux lois de finances vise la transparence, l&rsquo;efficacit\u00e9 et la redevabilit\u00e9 dans la gestion des affaires de l&rsquo;Etat. C&rsquo;est pourquoi, le format du cadre budg\u00e9taire a \u00e9t\u00e9 modifi\u00e9 avec la notion de programme d\u00e9finie comme unit\u00e9 de sp\u00e9cialit\u00e9 du budget. Cette approche comprend l&rsquo;institution de la pluri-annualit\u00e9 dans la gestion et de nouvelles r\u00e8gles de gestion publique emprunt\u00e9es du secteur priv\u00e9.<\/p>\n<p>A cet effet, Bamba Ngaladjo, Coordonnateur du Pagef, s&rsquo;est f\u00e9licit\u00e9 de la mise en place \u00a0d&rsquo;un nouveau cadre comptable de gestion publique avec la juxtaposition de plusieurs cadres comptables (budg\u00e9taire, g\u00e9n\u00e9ral et analyse des co\u00fbts). Pour plus de c\u00e9l\u00e9rit\u00e9 dans le travail, il a expliqu\u00e9 que la d\u00e9concentration de la fonction d&rsquo;ordonnateur des d\u00e9penses en conf\u00e8re d\u00e9sormais les pr\u00e9rogatives \u00e0 chaque ministre.<\/p>\n<p>Cela a conduit \u00e0 l&rsquo;\u00e9volution des modes de contr\u00f4le r\u00e9alis\u00e9s dans les administrations publiques avec l&rsquo;abandon progressif des contr\u00f4les a priori jug\u00e9s lourds et redondants au profit de l&rsquo;audit interne et d&rsquo;autres formes d&rsquo;\u00e9valuation.<\/p>\n<p>Le Pagef est dot\u00e9 d&rsquo;un budget de 15,96 milliards F CFA dont 13,45 milliards F CFA financ\u00e9s par la Banque africaine de d\u00e9veloppement (Bad) et 2,51 milliards F CFA par l&rsquo;Etat ivoirien. Ce projet soutient essentiellement la mise en \u0153uvre du sch\u00e9ma directeur de r\u00e9formes des finances publiques et le suivi-\u00e9valuation du Plan National de D\u00e9veloppement (PND).<\/p>\n<p>Cet article <a rel=\"nofollow\" href=\"https:\/\/www.journalducameroun.com\/cote-divoire-renforcement-de-capacites-dinspecteurs-generaux-detat\/\">C\u00f4te d\u2019Ivoire : renforcement de capacit\u00e9s d\u2019inspecteurs g\u00e9n\u00e9raux d\u2019Etat<\/a> est apparu en premier sur <a rel=\"nofollow\" href=\"https:\/\/www.journalducameroun.com\/\">Journal du Cameroun<\/a>.<\/p>\n<\/div>\n<p>Auteur: APA News<br \/>\n<a href=\"https:\/\/www.journalducameroun.com\/cote-divoire-renforcement-de-capacites-dinspecteurs-generaux-detat\/\">Cliquez ici pour lire l&rsquo;article depuis sa source.<\/a><\/p>\n","protected":false},"excerpt":{"rendered":"<p>Entre le 31 mai et le 7 juin 2022, des sessions de formation en contr\u00f4le et audit ont eu lieu \u00e0 Assinie, dans le Sud-Est du pays.Une centaine d&rsquo;inspecteurs g\u00e9n\u00e9raux d&rsquo;Etat de C\u00f4te d&rsquo;Ivoire ont particip\u00e9 \u00e0 l&rsquo;activit\u00e9 organis\u00e9e par l&rsquo;Inspection G\u00e9n\u00e9rale d&rsquo;Etat (IGE) en liaison avec le Projet d&rsquo;appui \u00e0 la gestion \u00e9conomique et [&hellip;]<\/p>\n","protected":false},"author":1965,"featured_media":0,"comment_status":"closed","ping_status":"closed","sticky":false,"template":"","format":"standard","meta":{"fifu_image_url":"https:\/\/www.journalducameroun.com\/wp-content\/uploads\/2022\/06\/16554070845932.jpg","fifu_image_alt":"C\u00f4te d\u2019Ivoire : renforcement de capacit\u00e9s d\u2019inspecteurs g\u00e9n\u00e9raux d\u2019Etat","footnotes":""},"categories":[73,82],"tags":[],"class_list":["post-150336","post","type-post","status-publish","format-standard","hentry","category-actualite","category-cameroun"],"_links":{"self":[{"href":"https:\/\/linitiative.ca\/International\/wp-json\/wp\/v2\/posts\/150336","targetHints":{"allow":["GET"]}}],"collection":[{"href":"https:\/\/linitiative.ca\/International\/wp-json\/wp\/v2\/posts"}],"about":[{"href":"https:\/\/linitiative.ca\/International\/wp-json\/wp\/v2\/types\/post"}],"author":[{"embeddable":true,"href":"https:\/\/linitiative.ca\/International\/wp-json\/wp\/v2\/users\/1965"}],"replies":[{"embeddable":true,"href":"https:\/\/linitiative.ca\/International\/wp-json\/wp\/v2\/comments?post=150336"}],"version-history":[{"count":0,"href":"https:\/\/linitiative.ca\/International\/wp-json\/wp\/v2\/posts\/150336\/revisions"}],"wp:attachment":[{"href":"https:\/\/linitiative.ca\/International\/wp-json\/wp\/v2\/media?parent=150336"}],"wp:term":[{"taxonomy":"category","embeddable":true,"href":"https:\/\/linitiative.ca\/International\/wp-json\/wp\/v2\/categories?post=150336"},{"taxonomy":"post_tag","embeddable":true,"href":"https:\/\/linitiative.ca\/International\/wp-json\/wp\/v2\/tags?post=150336"}],"curies":[{"name":"wp","href":"https:\/\/api.w.org\/{rel}","templated":true}]}}