{"id":150338,"date":"2022-06-16T16:18:03","date_gmt":"2022-06-16T20:18:03","guid":{"rendered":"https:\/\/linitiative.ca\/International\/senegal-le-japon-soutient-trois-projets-de-developpement\/"},"modified":"2022-06-16T16:18:03","modified_gmt":"2022-06-16T20:18:03","slug":"senegal-le-japon-soutient-trois-projets-de-developpement","status":"publish","type":"post","link":"https:\/\/linitiative.ca\/International\/senegal-le-japon-soutient-trois-projets-de-developpement\/","title":{"rendered":"S\u00e9n\u00e9gal : le Japon soutient trois projets de d\u00e9veloppement"},"content":{"rendered":"<div>\n<p><img decoding=\"async\" width=\"2560\" height=\"1757\" src=\"https:\/\/linitiative.ca\/International\/wp-content\/uploads\/sites\/23\/2022\/06\/16554106848841.jpg\" class=\"attachment-post-thumbnail size-post-thumbnail wp-post-image\" alt=\"\" loading=\"lazy\"><\/p>\n<p>Tokyo a d\u00e9bloqu\u00e9 plus de 52 milliards F CFA pour le projet de bourses de d\u00e9veloppement des ressources humaines, la phase 2 du programme de soutien \u00e0 la Couverture Maladie Universelle (CMU) et le programme d&rsquo;assistance alimentaire pour l&rsquo;ann\u00e9e fiscale 2022.Le ministre s\u00e9n\u00e9galais de l&rsquo;Economie, du Plan et de la Coop\u00e9ration, Amadou Hott, et l&rsquo;ambassadeur du Japon au S\u00e9n\u00e9gal, Osamu Izawa, ont sign\u00e9, jeudi \u00e0 Dakar, les \u00e9changes de notes et les accords correspondants d&rsquo;un montant total de 10,474 milliards de yens, soit 52,370 milliards F CFA.<\/p>\n<p>Le Projet de bourses pour le d\u00e9veloppement des ressources humaines est un don financ\u00e9 \u00e0 hauteur de 224 millions de yens, soit 1, 120 milliards F CFA. Son objectif, apr\u00e8s des formations au Japon, est d&rsquo;appuyer le d\u00e9veloppement des ressources humaines, notamment des jeunes fonctionnaires s\u00e9n\u00e9galais, dans la conception et la mise en \u0153uvre des politiques de d\u00e9veloppement \u00e9conomique et social.<\/p>\n<p>Le Programme de soutien \u00e0 la Couverture Maladie Universelle (phase 2), d&rsquo;un montant 10 milliards de yens, soit 50 milliards F CFA, vise \u00e0 am\u00e9liorer la qualit\u00e9 des services et \u00e0 lever les barri\u00e8res financi\u00e8res \u00e0 l&rsquo;acc\u00e8s aux services de sant\u00e9.<\/p>\n<p>Le Programme d&rsquo;assistance alimentaire constitue aussi un don d&rsquo;un montant de 250 millions de yens, environ 1,250 milliard F CFA, pour l&rsquo;ann\u00e9e fiscale 2022. Le Japon entend soutenir les efforts du gouvernement s\u00e9n\u00e9galais pour le renforcement de la s\u00e9curit\u00e9 alimentaire, en particulier, dans le contexte actuel marqu\u00e9 par un risque de crise alimentaire un peu partout dans le monde.<\/p>\n<p>\u00ab Ces appuis importants entrent en droite ligne des priorit\u00e9s du gouvernement d\u00e9clin\u00e9es \u00e0 travers notamment le Plan d&rsquo;actions prioritaires ajust\u00e9 et acc\u00e9l\u00e9r\u00e9 (PAP2A) pour atteindre les objectifs de renforcement de capacit\u00e9s des agents de la fonction publique, le d\u00e9veloppement du capital humain et rel\u00e8vement du plateau m\u00e9dical et les souverainet\u00e9s alimentaire et sanitaire \u00bb, a expliqu\u00e9 Amadou Hott.<\/p>\n<p>Le ministre de l&rsquo;Economie, du Plan et de la Coop\u00e9ration a \u00e9galement sign\u00e9 avec le Repr\u00e9sentant R\u00e9sident de l&rsquo;Agence japonaise de coop\u00e9ration internationale (Jica, sigle anglais), Morishita Hiromichi, deux avenants prolongeant la dur\u00e9e de validit\u00e9 de projets importants en cours d&rsquo;ex\u00e9cution dans les secteurs de la formation professionnelle et de la sant\u00e9.<\/p>\n<p>Le premier avenant porte sur l&rsquo;accord de don pour le projet d&rsquo;am\u00e9lioration des \u00e9quipements du Centre de Formation Professionnelle et Technique (CFPT) pour le renforcement du d\u00e9veloppement des ressources humaines dans le domaine industriel. Cet accord doit permettre de renforcer les capacit\u00e9s de formation de cet \u00e9tablissement pour le d\u00e9veloppement des ressources humaines du secteur industriel du S\u00e9n\u00e9gal et de la sous-r\u00e9gion.<\/p>\n<p>Le second avenant, qui est aussi un don, a trait \u00e0 la construction et \u00e0 l&rsquo;\u00e9quipement du Centre d&rsquo;Application pour la Sant\u00e9 de la M\u00e8re et de l&rsquo;Enfant de l&rsquo;Ecole Nationale de D\u00e9veloppement Sanitaire et Social (ENDSS). Ses \u00e9tudiants, ceux d&rsquo;autres \u00e9coles, ainsi que des sages-femmes et infirmiers en poste pourront renforcer leurs comp\u00e9tences en consultations pr\u00e9natales, accouchements normaux, consultations post-natales et en soins du nouveau-n\u00e9, y compris la vaccination.<\/p>\n<p>\u00ab Tous ces projets traduisent en actes l&rsquo;engagement du Japon aupr\u00e8s du S\u00e9n\u00e9gal dans sa d\u00e9marche vers l&rsquo;\u00e9mergence en 2035. Il s&rsquo;agit de consolider les acquis et de maintenir le cap des bonnes performances malgr\u00e9 l&rsquo;impact de la pand\u00e9mie \u00bb, a d\u00e9clar\u00e9 l&rsquo;ambassadeur japonais.<\/p>\n<p>Dakar et Tokyo ont construit une solide relation d&rsquo;amiti\u00e9 et de coop\u00e9ration vieille de plus de 60 ans. \u00ab Cette coop\u00e9ration dynamique et exemplaire peut \u00eatre offerte en mod\u00e8le aux autres partenaires africains \u00bb, a affirm\u00e9 le diplomate nippon. Ces fonds japonais devraient aussi aider le S\u00e9n\u00e9gal \u00e0 tendre davantage vers l&rsquo;atteinte des Objectifs de D\u00e9veloppement Durable (ODD) dont l&rsquo;atelier de validation politique du rapport national volontaire sur leur mise en \u0153uvre s&rsquo;est tenu aujourd&rsquo;hui dans la capitale s\u00e9n\u00e9galaise.<\/p>\n<p>Cet article <a rel=\"nofollow\" href=\"https:\/\/www.journalducameroun.com\/senegal-le-japon-soutient-trois-projets-de-developpement\/\">S\u00e9n\u00e9gal : le Japon soutient trois projets de d\u00e9veloppement<\/a> est apparu en premier sur <a rel=\"nofollow\" href=\"https:\/\/www.journalducameroun.com\/\">Journal du Cameroun<\/a>.<\/p>\n<\/div>\n<p>Auteur: APA News<br \/>\n<a href=\"https:\/\/www.journalducameroun.com\/senegal-le-japon-soutient-trois-projets-de-developpement\/\">Cliquez ici pour lire l&rsquo;article depuis sa source.<\/a><\/p>\n","protected":false},"excerpt":{"rendered":"<p>Tokyo a d\u00e9bloqu\u00e9 plus de 52 milliards F CFA pour le projet de bourses de d\u00e9veloppement des ressources humaines, la phase 2 du programme de soutien \u00e0 la Couverture Maladie Universelle (CMU) et le programme d&rsquo;assistance alimentaire pour l&rsquo;ann\u00e9e fiscale 2022.Le ministre s\u00e9n\u00e9galais de l&rsquo;Economie, du Plan et de la Coop\u00e9ration, Amadou Hott, et l&rsquo;ambassadeur [&hellip;]<\/p>\n","protected":false},"author":1965,"featured_media":0,"comment_status":"closed","ping_status":"closed","sticky":false,"template":"","format":"standard","meta":{"fifu_image_url":"https:\/\/www.journalducameroun.com\/wp-content\/uploads\/2022\/06\/16554106848841.jpg","fifu_image_alt":"S\u00e9n\u00e9gal : le Japon soutient trois projets de d\u00e9veloppement","footnotes":""},"categories":[73,82],"tags":[],"class_list":["post-150338","post","type-post","status-publish","format-standard","hentry","category-actualite","category-cameroun"],"_links":{"self":[{"href":"https:\/\/linitiative.ca\/International\/wp-json\/wp\/v2\/posts\/150338","targetHints":{"allow":["GET"]}}],"collection":[{"href":"https:\/\/linitiative.ca\/International\/wp-json\/wp\/v2\/posts"}],"about":[{"href":"https:\/\/linitiative.ca\/International\/wp-json\/wp\/v2\/types\/post"}],"author":[{"embeddable":true,"href":"https:\/\/linitiative.ca\/International\/wp-json\/wp\/v2\/users\/1965"}],"replies":[{"embeddable":true,"href":"https:\/\/linitiative.ca\/International\/wp-json\/wp\/v2\/comments?post=150338"}],"version-history":[{"count":0,"href":"https:\/\/linitiative.ca\/International\/wp-json\/wp\/v2\/posts\/150338\/revisions"}],"wp:attachment":[{"href":"https:\/\/linitiative.ca\/International\/wp-json\/wp\/v2\/media?parent=150338"}],"wp:term":[{"taxonomy":"category","embeddable":true,"href":"https:\/\/linitiative.ca\/International\/wp-json\/wp\/v2\/categories?post=150338"},{"taxonomy":"post_tag","embeddable":true,"href":"https:\/\/linitiative.ca\/International\/wp-json\/wp\/v2\/tags?post=150338"}],"curies":[{"name":"wp","href":"https:\/\/api.w.org\/{rel}","templated":true}]}}