{"id":150346,"date":"2022-06-16T12:39:39","date_gmt":"2022-06-16T16:39:39","guid":{"rendered":"https:\/\/linitiative.ca\/International\/pierres-precieuses-les-bijoutiers-camerounais-rappeles-a-la-transparence\/"},"modified":"2022-06-16T12:39:39","modified_gmt":"2022-06-16T16:39:39","slug":"pierres-precieuses-les-bijoutiers-camerounais-rappeles-a-la-transparence","status":"publish","type":"post","link":"https:\/\/linitiative.ca\/International\/pierres-precieuses-les-bijoutiers-camerounais-rappeles-a-la-transparence\/","title":{"rendered":"Pierres pr\u00e9cieuses: les bijoutiers camerounais rappel\u00e9s \u00e0 la transparence\u00a0"},"content":{"rendered":"<div>\n<p>Le laisser-aller sera bient\u00f4t un lointain souvenir dans le secteur des de la fabrication et le commerce des bijoux au Cameroun. Dans un communiqu\u00e9 diffus\u00e9 le 14 juin 2022, le ministre des Mines, de l\u2019Industrie et du D\u00e9veloppement technologique (Minmidt) appelle les op\u00e9rateurs du domaine \u00e0 d\u00e9poser aupr\u00e8s de son d\u00e9partement minist\u00e9riel, \u00ab\u00a0un dossier complet de demande d\u2019ouverture d\u2019un atelier de fabrication d\u2019ouvrages \u00e0 base des substances pr\u00e9cieuses\u00a0\u00bb.<\/p>\n<p><strong>Lire aussi : <a href=\"https:\/\/ecomatin.net\/grande-distribution-un-an-apres-son-ouverture-le-douala-grand-mall-affiche-un-taux-doccupation-de-63\/\" target=\"_blank\" rel=\"noreferrer noopener\">Grande distribution : un an apr\u00e8s son ouverture, le Douala Grand Mall affiche un taux d\u2019occupation de 63 %<\/a><\/strong><\/p>\n<p>Gabriel Dodo Ndok\u00e9 pr\u00e9vient que pass\u00e9 le d\u00e9lai du vendredi 27 juillet 2022, les proc\u00e9dures disciplinaires seront engag\u00e9es conform\u00e9ment \u00e0 la l\u00e9gislation en vigueur. Selon le communiqu\u00e9 qui porte la signature du membre du gouvernement, cette mesure s\u2019inscrit \u00ab\u00a0dans le cadre de la formalisation, de la transparence et du suivi effectif des activit\u00e9s du secteur\u00a0\u00bb.<\/p>\n<p>Cette d\u00e9cision est prise conform\u00e9ment aux dispositions de l\u2019article 171 de la\u00a0<em>Loi n\u00b02016\/017 du 14 d\u00e9cembre 2016 portant Code minier<\/em>\u00a0qui en son alin\u00e9a 1 stipule que \u00ab\u00a0les retraits des titres miniers et autres autorisations et transactions \u00e0 la conservation mini\u00e8re se font contre pr\u00e9sentation d\u2019une quittance attestant le paiement de droits fixes au Tr\u00e9sor public\u00a0\u00bb.<\/p>\n<p><strong>Lire aussi : <a href=\"https:\/\/ecomatin.net\/transport-aerien-douala-hub-pour-les-echanges-entre-le-cameroun-et-le-senegal\/\" target=\"_blank\" rel=\"noreferrer noopener\">Transport a\u00e9rien : Douala hub pour les \u00e9changes entre le Cameroun et le S\u00e9n\u00e9gal<\/a><\/strong><\/p>\n<p>Le m\u00eame texte pr\u00e9cise que les actes concern\u00e9s par lesdits droits fixes sont\u00a0entre autres,\u00a0\u00ab\u00a0l\u2019attribution des autorisations d\u2019exploitation artisanale et artisanale semi\u2010m\u00e9canis\u00e9e, l\u2019autorisation de commercialisation, de fusion de substances min\u00e9rales issues de l\u2019exploitation artisanale, de l\u2019exploitation artisanale semi\u2010m\u00e9canis\u00e9e et de l\u2019exploitation industrielle, l\u2019autorisation d\u2019ouverture des ateliers de fabrication des ouvrages en pierres pr\u00e9cieuses, l\u2019\u00e9tablissement des certificats d\u2019exportation de substances min\u00e9rales issues de l\u2019exploitation artisanale\u00a0\u00bb, lit-on.<\/p>\n<p>Dor\u00e9navant, le gouvernement saura avec pr\u00e9cision, la provenance de l\u2019or, le diamant, le cuivre, le bronze\u2026 utilis\u00e9s par les bijoutiers pour confectionner leurs objets vendus tr\u00e8s souvent \u00e0 des prix on\u00e9reux. Seulement, pr\u00e9vient la loi cit\u00e9e supra, l\u2019octroi de l\u2019autorisation d\u2019exploitation artisanale des substances mini\u00e8res \u00e0 un tenancier d\u2019atelier vaut 30.000 Fcfa tandis que le renouvellement co\u00fbte 50.000 Fcfa.<\/p>\n<p><strong>Lire aussi : <a href=\"https:\/\/ecomatin.net\/le-trafic-illegal-de-lor-fait-perdre-plus-4-milliards-de-dollars-aux-pays-dafrique-centrale-et-de-lest\/\" target=\"_blank\" rel=\"noreferrer noopener\">Le trafic ill\u00e9gal de l\u2019or fait perdre plus 4 milliards de dollars aux pays d\u2019Afrique centrale et de l\u2019Est<\/a><\/strong><\/p>\n<p>Contact\u00e9 par EcoMatin, Dollars Bijoux, l\u2019une des figures de proue du secteur joaillier au Cameroun, salue la d\u00e9marche du gouvernement qui vise \u00e0 mettre de l\u2019ordre et rappeler \u00e0 chacun ses obligations fiscales. Pour lui, les pouvoirs publics \u00e0 travers ce communiqu\u00e9 n\u2019entendent pas exercer la \u00ab\u00a0r\u00e9pression\u00a0\u00bb sinon, \u00ab\u00a0normaliser\u00a0\u00bb ce pan du commerce actuellement domin\u00e9 par un nombre incalculable d\u2019op\u00e9rateurs qui ne respectent pas tous la r\u00e8gle \u00e9tablie. De quelque cat\u00e9gorie qu\u2019ils soient, les propri\u00e9taires des ateliers de bijouteries qui n\u2019auront pas pr\u00e9sent\u00e9 leurs agr\u00e9ments en temps opportun, feront face, on le subodore, aux mesures draconiennes que le gouvernement aura arr\u00eat\u00e9es. Ils ont donc encore environ 45 jours pour se conformer.<\/p>\n<p>L\u2019article <a rel=\"nofollow\" href=\"https:\/\/ecomatin.net\/pierres-precieuses-les-bijoutiers-camerounais-rappeles-a-la-transparence\/\">Pierres pr\u00e9cieuses: les bijoutiers camerounais rappel\u00e9s \u00e0 la transparence\u00a0<\/a> est apparu en premier sur <a rel=\"nofollow\" href=\"https:\/\/ecomatin.net\/\">EcoMatin<\/a>.<\/p>\n<\/div>\n<p>Auteur: EcoMatin<br \/>\n<a href=\"https:\/\/ecomatin.net\/pierres-precieuses-les-bijoutiers-camerounais-rappeles-a-la-transparence\/\">Cliquez ici pour lire l&rsquo;article depuis sa source.<\/a><\/p>\n","protected":false},"excerpt":{"rendered":"<p>Le laisser-aller sera bient\u00f4t un lointain souvenir dans le secteur des de la fabrication et le commerce des bijoux au Cameroun. Dans un communiqu\u00e9 diffus\u00e9 le 14 juin 2022, le ministre des Mines, de l\u2019Industrie et du D\u00e9veloppement technologique (Minmidt) appelle les op\u00e9rateurs du domaine \u00e0 d\u00e9poser aupr\u00e8s de son d\u00e9partement minist\u00e9riel, \u00ab\u00a0un dossier complet [&hellip;]<\/p>\n","protected":false},"author":1969,"featured_media":0,"comment_status":"closed","ping_status":"closed","sticky":false,"template":"","format":"standard","meta":{"fifu_image_url":"","fifu_image_alt":"","footnotes":""},"categories":[82,78],"tags":[],"class_list":["post-150346","post","type-post","status-publish","format-standard","hentry","category-cameroun","category-economie"],"_links":{"self":[{"href":"https:\/\/linitiative.ca\/International\/wp-json\/wp\/v2\/posts\/150346","targetHints":{"allow":["GET"]}}],"collection":[{"href":"https:\/\/linitiative.ca\/International\/wp-json\/wp\/v2\/posts"}],"about":[{"href":"https:\/\/linitiative.ca\/International\/wp-json\/wp\/v2\/types\/post"}],"author":[{"embeddable":true,"href":"https:\/\/linitiative.ca\/International\/wp-json\/wp\/v2\/users\/1969"}],"replies":[{"embeddable":true,"href":"https:\/\/linitiative.ca\/International\/wp-json\/wp\/v2\/comments?post=150346"}],"version-history":[{"count":0,"href":"https:\/\/linitiative.ca\/International\/wp-json\/wp\/v2\/posts\/150346\/revisions"}],"wp:attachment":[{"href":"https:\/\/linitiative.ca\/International\/wp-json\/wp\/v2\/media?parent=150346"}],"wp:term":[{"taxonomy":"category","embeddable":true,"href":"https:\/\/linitiative.ca\/International\/wp-json\/wp\/v2\/categories?post=150346"},{"taxonomy":"post_tag","embeddable":true,"href":"https:\/\/linitiative.ca\/International\/wp-json\/wp\/v2\/tags?post=150346"}],"curies":[{"name":"wp","href":"https:\/\/api.w.org\/{rel}","templated":true}]}}