{"id":150376,"date":"2022-06-17T12:41:51","date_gmt":"2022-06-17T16:41:51","guid":{"rendered":"https:\/\/linitiative.ca\/International\/ifrane-ville-de-bouake-sassocient-contre-lanalphabetisme\/"},"modified":"2022-06-17T12:41:51","modified_gmt":"2022-06-17T16:41:51","slug":"ifrane-ville-de-bouake-sassocient-contre-lanalphabetisme","status":"publish","type":"post","link":"https:\/\/linitiative.ca\/International\/ifrane-ville-de-bouake-sassocient-contre-lanalphabetisme\/","title":{"rendered":"Ifrane\/ville de Bouak\u00e9 s\u2019associent contre l\u2019analphab\u00e9tisme"},"content":{"rendered":"<div>\n<div style=\"margin-bottom:20px;\"><img loading=\"lazy\" decoding=\"async\" width=\"750\" height=\"430\" src=\"https:\/\/linitiative.ca\/International\/wp-content\/uploads\/sites\/23\/2022\/06\/conven-ifrane-copier.jpg\" class=\"attachment-post-thumbnail size-post-thumbnail wp-post-image\" alt=\"\" srcset=\"https:\/\/linitiative.ca\/International\/wp-content\/uploads\/sites\/23\/2022\/06\/conven-ifrane-copier.jpg 750w, https:\/\/www.mapmarrakech.ma\/map\/uploads\/2022\/06\/conven-ifrane-copier-300x172.jpg 300w\" sizes=\"auto, (max-width: 750px) 100vw, 750px\"><\/div>\n<p>Paraph\u00e9e par le Pr\u00e9sident du conseil de la collectivit\u00e9 territoriale d\u2019Ifrane, M. Hicham Afifi, et le maire de Bouak\u00e9, charg\u00e9 de la coop\u00e9ration d\u00e9centralis\u00e9e, de la culture et de la francophonie, M. Aboubakar Diaby, en marge des travaux de la 7\u00e8me Conf\u00e9rence Internationale sur l\u2019Education des Adultes (CONFINTEA VII), cette convention a pour objectif de renforcer les efforts visant la lutte contre l\u2019analphab\u00e9tisme, la promotion de l\u2019\u00e9ducation des adultes et l\u2019apprentissage tout au long de la vie, notamment chez les femmes.<\/p>\n<p>\u00ab\u00a0Cette convention de partenariat s\u2019inscrit en droite ligne de la vision des deux chefs d\u2019Etat, Sa Majest\u00e9 le Roi Mohammed VI et le Pr\u00e9sident Alassane Ouattara, concernant la coop\u00e9ration sud-sud\u00a0\u00bb, a soulign\u00e9 M. Diaby dans une d\u00e9claration \u00e0 M24, la cha\u00eene t\u00e9l\u00e9vis\u00e9e de l\u2019information en continu de la MAP.<\/p>\n<p>Appelant les pays du Sud \u00e0 s\u2019entraider pour relever les diff\u00e9rents d\u00e9fis, le responsable ivoirien a exprim\u00e9 le souhait de son pays de tirer profit de l\u2019exp\u00e9rience marocaine dans le domaine de la lutte contre l\u2019analphab\u00e9tisme.<\/p>\n<p>Et de poursuivre que la signature de cette convention se traduira par \u00ab\u00a0une convergence et une action conjointe entre les deux parties\u00a0\u00bb, mettant en relief ses axes li\u00e9s \u00e0 la lutte contre l\u2019analphab\u00e9tisme chez les femmes, ce qui contribuerait, sans nul doute, \u00e0 promouvoir leur autonomisation \u00e9conomique..<\/p>\n<p>Pour sa part, M. Afifi a affirm\u00e9 que la signature de cette convention de partenariat \u00ab\u00a0nous permettra de mettre en place un cadre institutionnel et de partager notre exp\u00e9rience avec la ville de Bouak\u00e9\u00a0\u00bb, notant que cette d\u00e9marche s\u2019inscrit dans le cadre de la vision \u00e9clair\u00e9e de Sa Majest\u00e9 le Roi Mohammed VI pour la promotion de la coop\u00e9ration Sud-Sud.<\/p>\n<p>Rappelant la visite d\u2019une d\u00e9l\u00e9gation parlementaire ivoirienne \u00e0 Ifrane, en pr\u00e9paration de cette rencontre, il a soulign\u00e9 que ce document, qui consacre les efforts consentis pour promouvoir la coop\u00e9ration d\u00e9centralis\u00e9e, vise l\u2019am\u00e9lioration des conditions de vie des femmes par l\u2019\u00e9ducation et la lutte contre l\u2019analphab\u00e9tisme, en particulier l\u2019analphab\u00e9tisme num\u00e9rique.<\/p>\n<p>En vertu de cette convention, les parties signataires vont mener des projets conjoints visant \u00e0 r\u00e9duire le taux d\u2019analphab\u00e9tisme, notamment chez les femmes, renforcer leur coop\u00e9ration dans l\u2019\u00e9laboration des recherches et des \u00e9tudes, organiser des \u00e9v\u00e9nements, des ateliers, des conf\u00e9rences et des expositions conjoints, promouvoir le renforcement des capacit\u00e9s dans le domaine de l\u2019apprentissage tout au long de la vie, partager les exp\u00e9riences, et \u00e9laborer et mettre en \u0153uvre des plans d\u2019action dans le domaine de la lutte contre l\u2019analphab\u00e9tisme.<\/p>\n<p>Co-organis\u00e9e par le Gouvernement du Royaume du Maroc et l\u2019UNESCO, sous le Haut Patronage de Sa Majest\u00e9 le Roi Mohammed VI, cette Conf\u00e9rence r\u00e9unit les parties prenantes du monde entier en vue de fa\u00e7onner l\u2019avenir de l\u2019apprentissage et de l\u2019\u00e9ducation des adultes au cours de la prochaine d\u00e9cennie.<\/p>\n<p>Plac\u00e9e sous le th\u00e8me \u00ab\u00a0l\u2019apprentissage et l\u2019\u00e9ducation des adultes pour le d\u00e9veloppement durable : Un agenda transformateur\u00a0\u00bb, cette rencontre de port\u00e9e mondiale constitue l\u2019occasion d\u2019examiner les politiques efficaces d\u2019apprentissage et d\u2019\u00e9ducation des adultes dans une perspective d\u2019apprentissage tout au long de la vie dans des conditions, qui contribuent \u00e0 la r\u00e9alisation des Objectifs de D\u00e9veloppement Durable (ODD) des Nations-Unies, adopt\u00e9s en 2015.<\/p>\n<p>Les participants \u00e0 cette Conf\u00e9rence \u00e9laboreront un nouveau cadre d\u2019action sur l\u2019apprentissage et l\u2019\u00e9ducation des adultes qui remplacera le cadre d\u2019action de Bel\u00e9m, adopt\u00e9 lors de la CONFINTEA VI, tenue au Br\u00e9sil, en 2009.<\/p>\n<p>The post <a rel=\"nofollow\" href=\"https:\/\/www.mapmarrakech.ma\/fr\/ifrane-et-la-ville-de-bouake-sassocient-pour-lutter-contre-lanalphabetisme\/\">Ifrane\/ville de Bouak\u00e9 s\u2019associent contre l\u2019analphab\u00e9tisme<\/a> appeared first on <a rel=\"nofollow\" href=\"https:\/\/www.mapmarrakech.ma\/fr\">MapMarrakech<\/a>.<\/p>\n<\/div>\n<p>Auteur: Meriem IGASS<br \/>\n<a href=\"https:\/\/www.mapmarrakech.ma\/fr\/ifrane-et-la-ville-de-bouake-sassocient-pour-lutter-contre-lanalphabetisme\/\">Cliquez ici pour lire l&rsquo;article depuis sa source.<\/a><\/p>\n","protected":false},"excerpt":{"rendered":"<p>Paraph\u00e9e par le Pr\u00e9sident du conseil de la collectivit\u00e9 territoriale d\u2019Ifrane, M. Hicham Afifi, et le maire de Bouak\u00e9, charg\u00e9 de la coop\u00e9ration d\u00e9centralis\u00e9e, de la culture et de la francophonie, M. Aboubakar Diaby, en marge des travaux de la 7\u00e8me Conf\u00e9rence Internationale sur l\u2019Education des Adultes (CONFINTEA VII), cette convention a pour objectif de [&hellip;]<\/p>\n","protected":false},"author":1788,"featured_media":0,"comment_status":"closed","ping_status":"closed","sticky":false,"template":"","format":"standard","meta":{"fifu_image_url":"https:\/\/www.mapmarrakech.ma\/map\/uploads\/2022\/06\/conven-ifrane-copier.jpg","fifu_image_alt":"Ifrane\/ville de Bouak\u00e9 s\u2019associent contre l\u2019analphab\u00e9tisme","footnotes":""},"categories":[54,76],"tags":[],"class_list":["post-150376","post","type-post","status-publish","format-standard","hentry","category-maroc","category-regions"],"_links":{"self":[{"href":"https:\/\/linitiative.ca\/International\/wp-json\/wp\/v2\/posts\/150376","targetHints":{"allow":["GET"]}}],"collection":[{"href":"https:\/\/linitiative.ca\/International\/wp-json\/wp\/v2\/posts"}],"about":[{"href":"https:\/\/linitiative.ca\/International\/wp-json\/wp\/v2\/types\/post"}],"author":[{"embeddable":true,"href":"https:\/\/linitiative.ca\/International\/wp-json\/wp\/v2\/users\/1788"}],"replies":[{"embeddable":true,"href":"https:\/\/linitiative.ca\/International\/wp-json\/wp\/v2\/comments?post=150376"}],"version-history":[{"count":0,"href":"https:\/\/linitiative.ca\/International\/wp-json\/wp\/v2\/posts\/150376\/revisions"}],"wp:attachment":[{"href":"https:\/\/linitiative.ca\/International\/wp-json\/wp\/v2\/media?parent=150376"}],"wp:term":[{"taxonomy":"category","embeddable":true,"href":"https:\/\/linitiative.ca\/International\/wp-json\/wp\/v2\/categories?post=150376"},{"taxonomy":"post_tag","embeddable":true,"href":"https:\/\/linitiative.ca\/International\/wp-json\/wp\/v2\/tags?post=150376"}],"curies":[{"name":"wp","href":"https:\/\/api.w.org\/{rel}","templated":true}]}}