{"id":150378,"date":"2022-06-17T13:00:38","date_gmt":"2022-06-17T17:00:38","guid":{"rendered":"https:\/\/linitiative.ca\/International\/previsions-meteorologiques-pour-le-samedi-18-juin\/"},"modified":"2022-06-17T13:00:38","modified_gmt":"2022-06-17T17:00:38","slug":"previsions-meteorologiques-pour-le-samedi-18-juin","status":"publish","type":"post","link":"https:\/\/linitiative.ca\/International\/previsions-meteorologiques-pour-le-samedi-18-juin\/","title":{"rendered":"Pr\u00e9visions m\u00e9t\u00e9orologiques pour le samedi 18 juin"},"content":{"rendered":"<div>\n<div style=\"margin-bottom:20px;\"><img loading=\"lazy\" decoding=\"async\" width=\"750\" height=\"430\" src=\"https:\/\/linitiative.ca\/International\/wp-content\/uploads\/sites\/23\/2022\/06\/soleil-1-1.jpg\" class=\"attachment-post-thumbnail size-post-thumbnail wp-post-image\" alt=\"\" srcset=\"https:\/\/linitiative.ca\/International\/wp-content\/uploads\/sites\/23\/2022\/06\/soleil-1-1.jpg 750w, https:\/\/www.mapmarrakech.ma\/map\/uploads\/2022\/05\/soleil-1-1-300x172.jpg 300w\" sizes=\"auto, (max-width: 750px) 100vw, 750px\"><\/div>\n<p align=\"justify\">\u2013 Temps assez chaud a chaud sur le souss, les r\u00e9gions a l\u2019ouest de l\u2019atlas, l\u2019oriental, le sud-est et l\u2019int\u00e9rieur des provinces sud.<\/p>\n<p align=\"justify\">\u2013 Ond\u00e9es ou averses orageuses sur l\u2019Atlas, ses r\u00e9gions ouest voisines, les versants sud-est, l\u2019oriental, le Rif et la M\u00e9diterran\u00e9e.<\/p>\n<p align=\"justify\">\u2013 Nuages d\u2019origine tropicale avec averses et orages sur le sud des provinces sahariennes.<\/p>\n<p align=\"justify\">\u2013 Gouttes de pluies locales la matin\u00e9e sur les plaines atlantiques nord.<\/p>\n<p align=\"justify\">\u2013 Formations brumeuses et bruines locales sur la M\u00e9diterran\u00e9e et pr\u00e8s des cotes atlantiques centre et sud.<\/p>\n<p align=\"justify\">\u2013 Chasse-poussi\u00e8res par endroits sur le sud et le sud-est du pays.<\/p>\n<p align=\"justify\">\u2013 Rafales de vent assez fortes sur les provinces sud, les cotes centre et le sud de l\u2019oriental.<\/p>\n<p align=\"justify\">\u2013 Temp\u00e9ratures minimales de l\u2019ordre de 21\/27\u00b0c sur l\u2019oriental, le Saiss, les plaines a l\u2019ouest de l\u2019atlas et le Rif, 27\/32\u00b0c sur le sud-est et les r\u00e9gions est et sud des provinces sud et de 16\/22\u00b0c partout ailleurs.<\/p>\n<p align=\"justify\">\u2013 Temp\u00e9ratures maximales en baisse ou quasi-stationnaires.<\/p>\n<p align=\"justify\">\u2013 Mer belle \u00e0 peu agit\u00e9e sur la M\u00e9diterran\u00e9e, peu agit\u00e9e sur le D\u00e9troit, peu agit\u00e9e \u00e0 agit\u00e9e au Nord de Jorf et agit\u00e9e \u00e0 forte au Sud.<\/p>\n<p>The post <a rel=\"nofollow\" href=\"https:\/\/www.mapmarrakech.ma\/fr\/previsions-meteorologiques-pour-le-samedi-18-juin\/\">Pr\u00e9visions m\u00e9t\u00e9orologiques pour le samedi 18 juin<\/a> appeared first on <a rel=\"nofollow\" href=\"https:\/\/www.mapmarrakech.ma\/fr\">MapMarrakech<\/a>.<\/p>\n<\/div>\n<p>Auteur: Meriem IGASS<br \/>\n<a href=\"https:\/\/www.mapmarrakech.ma\/fr\/previsions-meteorologiques-pour-le-samedi-18-juin\/\">Cliquez ici pour lire l&rsquo;article depuis sa source.<\/a><\/p>\n","protected":false},"excerpt":{"rendered":"<p>\u2013 Temps assez chaud a chaud sur le souss, les r\u00e9gions a l\u2019ouest de l\u2019atlas, l\u2019oriental, le sud-est et l\u2019int\u00e9rieur des provinces sud. \u2013 Ond\u00e9es ou averses orageuses sur l\u2019Atlas, ses r\u00e9gions ouest voisines, les versants sud-est, l\u2019oriental, le Rif et la M\u00e9diterran\u00e9e. \u2013 Nuages d\u2019origine tropicale avec averses et orages sur le sud des [&hellip;]<\/p>\n","protected":false},"author":1788,"featured_media":0,"comment_status":"closed","ping_status":"closed","sticky":false,"template":"","format":"standard","meta":{"fifu_image_url":"https:\/\/www.mapmarrakech.ma\/map\/uploads\/2022\/05\/soleil-1-1.jpg","fifu_image_alt":"Pr\u00e9visions m\u00e9t\u00e9orologiques pour le samedi 18 juin","footnotes":""},"categories":[54,76],"tags":[],"class_list":["post-150378","post","type-post","status-publish","format-standard","hentry","category-maroc","category-regions"],"_links":{"self":[{"href":"https:\/\/linitiative.ca\/International\/wp-json\/wp\/v2\/posts\/150378","targetHints":{"allow":["GET"]}}],"collection":[{"href":"https:\/\/linitiative.ca\/International\/wp-json\/wp\/v2\/posts"}],"about":[{"href":"https:\/\/linitiative.ca\/International\/wp-json\/wp\/v2\/types\/post"}],"author":[{"embeddable":true,"href":"https:\/\/linitiative.ca\/International\/wp-json\/wp\/v2\/users\/1788"}],"replies":[{"embeddable":true,"href":"https:\/\/linitiative.ca\/International\/wp-json\/wp\/v2\/comments?post=150378"}],"version-history":[{"count":0,"href":"https:\/\/linitiative.ca\/International\/wp-json\/wp\/v2\/posts\/150378\/revisions"}],"wp:attachment":[{"href":"https:\/\/linitiative.ca\/International\/wp-json\/wp\/v2\/media?parent=150378"}],"wp:term":[{"taxonomy":"category","embeddable":true,"href":"https:\/\/linitiative.ca\/International\/wp-json\/wp\/v2\/categories?post=150378"},{"taxonomy":"post_tag","embeddable":true,"href":"https:\/\/linitiative.ca\/International\/wp-json\/wp\/v2\/tags?post=150378"}],"curies":[{"name":"wp","href":"https:\/\/api.w.org\/{rel}","templated":true}]}}