{"id":150382,"date":"2022-06-16T18:54:59","date_gmt":"2022-06-16T22:54:59","guid":{"rendered":"https:\/\/linitiative.ca\/International\/guercif-la-commune-de-taddart-a-lheure-de-son-festival-de-tbourida\/"},"modified":"2022-06-16T18:54:59","modified_gmt":"2022-06-16T22:54:59","slug":"guercif-la-commune-de-taddart-a-lheure-de-son-festival-de-tbourida","status":"publish","type":"post","link":"https:\/\/linitiative.ca\/International\/guercif-la-commune-de-taddart-a-lheure-de-son-festival-de-tbourida\/","title":{"rendered":"Guercif : la commune de Taddart \u00e0 l\u2019heure de son Festival de Tbourida"},"content":{"rendered":"<div>\n<div style=\"margin-bottom:20px;\"><img loading=\"lazy\" decoding=\"async\" width=\"750\" height=\"430\" src=\"https:\/\/linitiative.ca\/International\/wp-content\/uploads\/sites\/23\/2022\/06\/festival-guercif-taddart-tbourida-750C397430-MAP.jpg\" class=\"attachment-post-thumbnail size-post-thumbnail wp-post-image\" alt=\"\" srcset=\"https:\/\/linitiative.ca\/International\/wp-content\/uploads\/sites\/23\/2022\/06\/festival-guercif-taddart-tbourida-750C397430-MAP.jpg 750w, https:\/\/www.mapoujda.ma\/map\/uploads\/2022\/06\/festival-guercif-taddart-tbourida-750\u00d7430-MAP-300x172.jpg 300w\" sizes=\"auto, (max-width: 750px) 100vw, 750px\"><\/div>\n<p style=\"text-align: justify;\">La commune territoriale de Taddart, dans la province de Guercif, accueille, du 15 au 17 juin courant, son Festival de Tbourida (Fantasia) sous le th\u00e8me \u00ab\u00a0L\u2019\u00e9quitation, un art et un patrimoine\u00a0\u00bb.<\/p>\n<p style=\"text-align: justify;\">Organis\u00e9 par la commune de Taddart en coordination avec l\u2019association Ouled Adraoui pour la Tbourida et l\u2019\u00e9levage des chevaux, ce festival a pour objectif de valoriser l\u2019\u00e9levage \u00e9quin en tant que partie int\u00e9grante de l\u2019histoire et de l\u2019identit\u00e9 culturelle locales, ainsi que de pr\u00e9server ce patrimoine ancestral et de le promouvoir aupr\u00e8s des jeunes g\u00e9n\u00e9rations.<\/p>\n<p style=\"text-align: justify;\">Il s\u2019agit de promouvoir \u00e9galement les potentialit\u00e9s artistiques, agricoles et touristiques de cette commune de la r\u00e9gion de l\u2019Oriental.<\/p>\n<p style=\"text-align: justify;\">Cette manifestation culturelle connait la participation de 25 Serbas form\u00e9es d\u2019entre 8 et 5 chevaliers chacune venus des diff\u00e9rentes communes territoriales de la province de Guercif.<\/p>\n<p style=\"text-align: justify;\">Outre les spectacles de Tbourida, une foire des produits locaux et une soir\u00e9e de remise des prix aux Serbas gagnantes sont pr\u00e9vues \u00e9galement \u00e0 l\u2019occasion de ce festival.<\/p>\n<p style=\"text-align: justify;\">Le vice-pr\u00e9sident de la commune de Taddart, Anouar Akil, a indiqu\u00e9, dans une d\u00e9claration \u00e0 M24, la chaine d\u2019information en continu de la MAP, a indiqu\u00e9 que l\u2019organisation de cette \u00e9dition intervient apr\u00e8s la suspension de ce festival pour trois ann\u00e9es cons\u00e9cutives \u00e0 cause de la pand\u00e9mie du Covid-19.<\/p>\n<p style=\"text-align: justify;\">Il a mis en exergue l\u2019importance de cette \u00e9v\u00e9nement artistique qui connait la participation de chevaliers repr\u00e9sentant les diff\u00e9rentes tribus de la province de Guercif, notant que ce festival est une opportunit\u00e9 aussi pour les membres de la communaut\u00e9 marocaine \u00e0 l\u2019\u00e9tranger de renouer avec leurs traditions et patrimoine ancestraux.<\/p>\n<p style=\"text-align: justify;\">Akil a fait savoir que le dernier jour du festival sera marqu\u00e9 par une op\u00e9ration de circoncision collective au profit de 60 gar\u00e7ons issus des douras de la commune territoriale de Taddart.<\/p>\n<p style=\"text-align: justify;\">Pour sa part, le pr\u00e9sident de l\u2019association Ouled Adraoui pour la Tbourida et l\u2019\u00e9levage des chevaux, Said Cherrak, s\u2019est f\u00e9licit\u00e9 des efforts d\u00e9ploy\u00e9s par les organisateurs et les partenaires pour assurer la r\u00e9ussite de cet \u00e9v\u00e9nement qui \u0153uvre pour la pr\u00e9servation de ce patrimoine ancestral important.<\/p>\n<p>L\u2019article <a rel=\"nofollow\" href=\"https:\/\/www.mapoujda.ma\/fr\/province-de-guercif-la-commune-de-taddart-a-lheure-de-son-festival-de-tbourida\/\">Guercif : la commune de Taddart \u00e0 l\u2019heure de son Festival de Tbourida<\/a> est apparu en premier sur <a rel=\"nofollow\" href=\"https:\/\/www.mapoujda.ma\/fr\">MapOujda<\/a>.<\/p>\n<\/div>\n<p>Auteur: Soufiane ELAHMAR<br \/>\n<a href=\"https:\/\/www.mapoujda.ma\/fr\/province-de-guercif-la-commune-de-taddart-a-lheure-de-son-festival-de-tbourida\/\">Cliquez ici pour lire l&rsquo;article depuis sa source.<\/a><\/p>\n","protected":false},"excerpt":{"rendered":"<p>La commune territoriale de Taddart, dans la province de Guercif, accueille, du 15 au 17 juin courant, son Festival de Tbourida (Fantasia) sous le th\u00e8me \u00ab\u00a0L\u2019\u00e9quitation, un art et un patrimoine\u00a0\u00bb. Organis\u00e9 par la commune de Taddart en coordination avec l\u2019association Ouled Adraoui pour la Tbourida et l\u2019\u00e9levage des chevaux, ce festival a pour objectif [&hellip;]<\/p>\n","protected":false},"author":1788,"featured_media":0,"comment_status":"closed","ping_status":"closed","sticky":false,"template":"","format":"standard","meta":{"fifu_image_url":"https:\/\/www.mapoujda.ma\/map\/uploads\/2022\/06\/festival-guercif-taddart-tbourida-750\u00d7430-MAP.jpg","fifu_image_alt":"Guercif : la commune de Taddart \u00e0 l\u2019heure de son Festival de Tbourida","footnotes":""},"categories":[54,76],"tags":[],"class_list":["post-150382","post","type-post","status-publish","format-standard","hentry","category-maroc","category-regions"],"_links":{"self":[{"href":"https:\/\/linitiative.ca\/International\/wp-json\/wp\/v2\/posts\/150382","targetHints":{"allow":["GET"]}}],"collection":[{"href":"https:\/\/linitiative.ca\/International\/wp-json\/wp\/v2\/posts"}],"about":[{"href":"https:\/\/linitiative.ca\/International\/wp-json\/wp\/v2\/types\/post"}],"author":[{"embeddable":true,"href":"https:\/\/linitiative.ca\/International\/wp-json\/wp\/v2\/users\/1788"}],"replies":[{"embeddable":true,"href":"https:\/\/linitiative.ca\/International\/wp-json\/wp\/v2\/comments?post=150382"}],"version-history":[{"count":0,"href":"https:\/\/linitiative.ca\/International\/wp-json\/wp\/v2\/posts\/150382\/revisions"}],"wp:attachment":[{"href":"https:\/\/linitiative.ca\/International\/wp-json\/wp\/v2\/media?parent=150382"}],"wp:term":[{"taxonomy":"category","embeddable":true,"href":"https:\/\/linitiative.ca\/International\/wp-json\/wp\/v2\/categories?post=150382"},{"taxonomy":"post_tag","embeddable":true,"href":"https:\/\/linitiative.ca\/International\/wp-json\/wp\/v2\/tags?post=150382"}],"curies":[{"name":"wp","href":"https:\/\/api.w.org\/{rel}","templated":true}]}}