{"id":150384,"date":"2022-06-16T19:02:13","date_gmt":"2022-06-16T23:02:13","guid":{"rendered":"https:\/\/linitiative.ca\/International\/bouarfa-rencontre-de-concertation-sur-l-ecole-de-la-qualite-pour-tous\/"},"modified":"2022-06-16T19:02:13","modified_gmt":"2022-06-16T23:02:13","slug":"bouarfa-rencontre-de-concertation-sur-l-ecole-de-la-qualite-pour-tous","status":"publish","type":"post","link":"https:\/\/linitiative.ca\/International\/bouarfa-rencontre-de-concertation-sur-l-ecole-de-la-qualite-pour-tous\/","title":{"rendered":"Bouarfa : rencontre de concertation sur l\u2019 \u00abEcole de la qualit\u00e9 pour tous\u00bb"},"content":{"rendered":"<div>\n<div style=\"margin-bottom:20px;\"><img loading=\"lazy\" decoding=\"async\" width=\"750\" height=\"430\" src=\"https:\/\/linitiative.ca\/International\/wp-content\/uploads\/sites\/23\/2022\/06\/classe-dans-une-C3A9cole-primaire-750C397430-MAP-1.jpg\" class=\"attachment-post-thumbnail size-post-thumbnail wp-post-image\" alt=\"\" srcset=\"https:\/\/linitiative.ca\/International\/wp-content\/uploads\/sites\/23\/2022\/06\/classe-dans-une-C3A9cole-primaire-750C397430-MAP-1.jpg 750w, https:\/\/www.mapoujda.ma\/map\/uploads\/2021\/11\/classe-dans-une-\u00e9cole-primaire-750\u00d7430-MAP-300x172.jpg 300w\" sizes=\"auto, (max-width: 750px) 100vw, 750px\"><\/div>\n<p style=\"text-align: justify;\">Une rencontre territoriale dans le cadre des concertations nationales autour de l\u2019\u00e9cole marocaine ayant pour th\u00e8me \u00ab\u00a0Une \u00e9cole de qualit\u00e9 pour tous\u00a0\u00bb a \u00e9t\u00e9 organis\u00e9e, mercredi \u00e0 Bouarfa, par la pr\u00e9fecture de la province de Figuig, en partenariat avec l\u2019Acad\u00e9mie r\u00e9gionale d\u2019\u00e9ducation et de formation (AREF) de l\u2019Oriental.<\/p>\n<p style=\"text-align: justify;\">Pr\u00e9sid\u00e9e par le gouverneur de la province de Figuig, Mohamed Derhem, cette rencontre, initi\u00e9e en partenariat aussi avec la direction provinciale de l\u2019Education nationale, avait pour objet de recueillir les id\u00e9es et propositions des citoyens, selon une approche participative, de mani\u00e8re \u00e0 r\u00e9pondre aux attentes de la soci\u00e9t\u00e9 dans le domaine de l\u2019enseignement.<\/p>\n<p style=\"text-align: justify;\">Intervenant \u00e0 cette occasion, M. Derhem a soulign\u00e9 la n\u00e9cessit\u00e9 d\u2019une implication s\u00e9rieuse et positive de l\u2019ensemble des acteurs et partenaires dans l\u2019objectif de promouvoir l\u2019\u00e9cole marocaine et r\u00e9ussir une renaissance \u00e9ducative, ainsi que dans le domaine de la recherche et de l\u2019innovation.<\/p>\n<p style=\"text-align: justify;\">Il a relev\u00e9 que ces acteurs et intervenants sont tenus de prendre part \u00e0 ces consultations, en application des Hautes Orientations Royales, ainsi que des dispositions de la Constitution et de la loi-cadre 51\/17 relative au syst\u00e8me de l\u2019\u00e9ducation et de la formation.<\/p>\n<p style=\"text-align: justify;\">Pour sa part, le directeur de l\u2019Acad\u00e9mie r\u00e9gionale de l\u2019\u00e9ducation et de la formation de l\u2019Oriental, Mohamed Dib, a soulign\u00e9 que le but de ces rencontres territoriales est de recueillir des propositions et des id\u00e9es pour l\u2019\u00e9laboration de la feuille de route visant \u00e0 parvenir \u00e0 l\u2019\u00e9cole de la qualit\u00e9 et de l\u2019\u00e9galit\u00e9 des chances.<\/p>\n<p style=\"text-align: justify;\">Plusieurs ateliers ont \u00e9t\u00e9 organis\u00e9s dans le cadre de cette rencontre, le but \u00e9tant de recueillir des recommandations pouvant aider dans la mise en \u0153uvre d\u2019une r\u00e9forme novatrice pour une \u00e9cole de qualit\u00e9.<\/p>\n<p style=\"text-align: justify;\">Le minist\u00e8re de l\u2019\u00c9ducation nationale, du Pr\u00e9scolaire et des Sports a lanc\u00e9 une concertation nationale pour une \u00e9ducation de qualit\u00e9 pour tous, qui s\u2019ach\u00e8ve fin juin avec une restitution nationale pr\u00e9vue pour mi-juillet.<\/p>\n<p style=\"text-align: justify;\">La concertation comprend la tenue de pr\u00e8s de 6.200 focus groupes \u00e0 l\u2019\u00e9chelle nationale, de 82 \u00e9v\u00e9nements \u00e0 l\u2019\u00e9chelle des provinces et plus de 150.000 personnes concern\u00e9es par les diff\u00e9rents ateliers organis\u00e9s, en plus d\u2019une plateforme ouverte \u00e0 tous les citoyens et les Marocains du monde \u00ab\u00a0www.madrastna.ma\u00a0\u00bb.<\/p>\n<p>L\u2019article <a rel=\"nofollow\" href=\"https:\/\/www.mapoujda.ma\/fr\/bouarfa-rencontre-de-concertation-sur-l-ecole-de-la-qualite-pour-tous\/\">Bouarfa : rencontre de concertation sur l\u2019 \u00abEcole de la qualit\u00e9 pour tous\u00bb<\/a> est apparu en premier sur <a rel=\"nofollow\" href=\"https:\/\/www.mapoujda.ma\/fr\">MapOujda<\/a>.<\/p>\n<\/div>\n<p>Auteur: Soufiane ELAHMAR<br \/>\n<a href=\"https:\/\/www.mapoujda.ma\/fr\/bouarfa-rencontre-de-concertation-sur-l-ecole-de-la-qualite-pour-tous\/\">Cliquez ici pour lire l&rsquo;article depuis sa source.<\/a><\/p>\n","protected":false},"excerpt":{"rendered":"<p>Une rencontre territoriale dans le cadre des concertations nationales autour de l\u2019\u00e9cole marocaine ayant pour th\u00e8me \u00ab\u00a0Une \u00e9cole de qualit\u00e9 pour tous\u00a0\u00bb a \u00e9t\u00e9 organis\u00e9e, mercredi \u00e0 Bouarfa, par la pr\u00e9fecture de la province de Figuig, en partenariat avec l\u2019Acad\u00e9mie r\u00e9gionale d\u2019\u00e9ducation et de formation (AREF) de l\u2019Oriental. Pr\u00e9sid\u00e9e par le gouverneur de la province [&hellip;]<\/p>\n","protected":false},"author":1788,"featured_media":0,"comment_status":"closed","ping_status":"closed","sticky":false,"template":"","format":"standard","meta":{"fifu_image_url":"https:\/\/www.mapoujda.ma\/map\/uploads\/2021\/11\/classe-dans-une-\u00e9cole-primaire-750\u00d7430-MAP.jpg","fifu_image_alt":"Bouarfa : rencontre de concertation sur l\u2019 \u00abEcole de la qualit\u00e9 pour tous\u00bb","footnotes":""},"categories":[54,76],"tags":[],"class_list":["post-150384","post","type-post","status-publish","format-standard","hentry","category-maroc","category-regions"],"_links":{"self":[{"href":"https:\/\/linitiative.ca\/International\/wp-json\/wp\/v2\/posts\/150384","targetHints":{"allow":["GET"]}}],"collection":[{"href":"https:\/\/linitiative.ca\/International\/wp-json\/wp\/v2\/posts"}],"about":[{"href":"https:\/\/linitiative.ca\/International\/wp-json\/wp\/v2\/types\/post"}],"author":[{"embeddable":true,"href":"https:\/\/linitiative.ca\/International\/wp-json\/wp\/v2\/users\/1788"}],"replies":[{"embeddable":true,"href":"https:\/\/linitiative.ca\/International\/wp-json\/wp\/v2\/comments?post=150384"}],"version-history":[{"count":0,"href":"https:\/\/linitiative.ca\/International\/wp-json\/wp\/v2\/posts\/150384\/revisions"}],"wp:attachment":[{"href":"https:\/\/linitiative.ca\/International\/wp-json\/wp\/v2\/media?parent=150384"}],"wp:term":[{"taxonomy":"category","embeddable":true,"href":"https:\/\/linitiative.ca\/International\/wp-json\/wp\/v2\/categories?post=150384"},{"taxonomy":"post_tag","embeddable":true,"href":"https:\/\/linitiative.ca\/International\/wp-json\/wp\/v2\/tags?post=150384"}],"curies":[{"name":"wp","href":"https:\/\/api.w.org\/{rel}","templated":true}]}}