{"id":150396,"date":"2022-06-17T11:47:00","date_gmt":"2022-06-17T15:47:00","guid":{"rendered":"https:\/\/linitiative.ca\/International\/assemblee-generale-elective-de-la-faf-le-depot-des-dossiers-de-candidature-fixe-du-17-au-26-juin\/"},"modified":"2022-06-17T11:47:00","modified_gmt":"2022-06-17T15:47:00","slug":"assemblee-generale-elective-de-la-faf-le-depot-des-dossiers-de-candidature-fixe-du-17-au-26-juin","status":"publish","type":"post","link":"https:\/\/linitiative.ca\/International\/assemblee-generale-elective-de-la-faf-le-depot-des-dossiers-de-candidature-fixe-du-17-au-26-juin\/","title":{"rendered":"Assembl\u00e9e g\u00e9n\u00e9rale \u00e9lective de la FAF: le d\u00e9p\u00f4t des dossiers de candidature fix\u00e9 du 17 au 26 juin"},"content":{"rendered":"<div>L&rsquo;\u00e9tude des dossiers de candidature d\u00e9pos\u00e9s se fera le lundi 27 juin&#8230;<\/div>\n<p>Auteur:<br \/>\n<a href=\"https:\/\/www.lebuteur.com\/article\/detail?titre=assemblee-generale-elective-de-la-faf-le-depot-des-dossiers-de-candidature-fixe-du-17-au-26-juin&#038;id=103025\">Cliquez ici pour lire l&rsquo;article depuis sa source.<\/a><\/p>\n","protected":false},"excerpt":{"rendered":"<p>L&rsquo;\u00e9tude des dossiers de candidature d\u00e9pos\u00e9s se fera le lundi 27 juin&#8230; Auteur: Cliquez ici pour lire l&rsquo;article depuis sa source.<\/p>\n","protected":false},"author":1738,"featured_media":0,"comment_status":"closed","ping_status":"closed","sticky":false,"template":"","format":"standard","meta":{"fifu_image_url":"","fifu_image_alt":"","footnotes":""},"categories":[53,75],"tags":[],"class_list":["post-150396","post","type-post","status-publish","format-standard","hentry","category-algerie","category-sport"],"_links":{"self":[{"href":"https:\/\/linitiative.ca\/International\/wp-json\/wp\/v2\/posts\/150396","targetHints":{"allow":["GET"]}}],"collection":[{"href":"https:\/\/linitiative.ca\/International\/wp-json\/wp\/v2\/posts"}],"about":[{"href":"https:\/\/linitiative.ca\/International\/wp-json\/wp\/v2\/types\/post"}],"author":[{"embeddable":true,"href":"https:\/\/linitiative.ca\/International\/wp-json\/wp\/v2\/users\/1738"}],"replies":[{"embeddable":true,"href":"https:\/\/linitiative.ca\/International\/wp-json\/wp\/v2\/comments?post=150396"}],"version-history":[{"count":0,"href":"https:\/\/linitiative.ca\/International\/wp-json\/wp\/v2\/posts\/150396\/revisions"}],"wp:attachment":[{"href":"https:\/\/linitiative.ca\/International\/wp-json\/wp\/v2\/media?parent=150396"}],"wp:term":[{"taxonomy":"category","embeddable":true,"href":"https:\/\/linitiative.ca\/International\/wp-json\/wp\/v2\/categories?post=150396"},{"taxonomy":"post_tag","embeddable":true,"href":"https:\/\/linitiative.ca\/International\/wp-json\/wp\/v2\/tags?post=150396"}],"curies":[{"name":"wp","href":"https:\/\/api.w.org\/{rel}","templated":true}]}}