{"id":150401,"date":"2022-06-17T13:28:00","date_gmt":"2022-06-17T17:28:00","guid":{"rendered":"https:\/\/linitiative.ca\/International\/la-democratie-en-tunisie-est-structurellement-inachevee\/"},"modified":"2022-06-17T13:28:00","modified_gmt":"2022-06-17T17:28:00","slug":"la-democratie-en-tunisie-est-structurellement-inachevee","status":"publish","type":"post","link":"https:\/\/linitiative.ca\/International\/la-democratie-en-tunisie-est-structurellement-inachevee\/","title":{"rendered":"La d\u00e9mocratie en Tunisie est structurellement inachev\u00e9e"},"content":{"rendered":"<div><img decoding=\"async\" src=\"https:\/\/linitiative.ca\/International\/wp-content\/uploads\/sites\/23\/2022\/06\/1655490536_article.jpg\" alt=\"La d\u00e9mocratie en Tunisie est structurellement inachev\u00e9e\" align=\"left\">Par Ezzeddine Ben Hamida &#8211; Il ne suffit pas de multiplier les conseils consultatifs et les institutions d\u2019expertise et de contr\u00f4le \u2013encore faut-il qu\u2019elles ne soient pas noyaut\u00e9es- pour r\u00e9enchanter la d\u00e9mocratie. La violence et l\u2019ampleur des \u00e9meutes du 25 juillet 2021 ont montr\u00e9 que notre d\u00e9mocratie est structurellement inachev\u00e9e. K. Sa\u00efed, \u00e9paul\u00e9 sans doute par notre arm\u00e9e r\u00e9publicaine, en suspendant conform\u00e9ment aux pouvoirs que la constitution lui conf\u00e8re les travaux de l\u2019Assembl\u00e9e des repr\u00e9sentants du peuple, avait \u00e9vit\u00e9 courageusement au pays de basculer dans l\u2019incertain. La d\u00e9mocratie suppose certes la prise en compte de l\u2019opinion de tous, elle repose &#8230;<\/p>\n<\/div>\n<p>Auteur:<br \/>\n<a href=\"https:\/\/www.leaders.com.tn\/article\/33497-la-democratie-en-tunisie-est-structurellement-inachevee\">Cliquez ici pour lire l&rsquo;article depuis sa source.<\/a><\/p>\n","protected":false},"excerpt":{"rendered":"<p>Par Ezzeddine Ben Hamida &#8211; Il ne suffit pas de multiplier les conseils consultatifs et les institutions d\u2019expertise et de contr\u00f4le \u2013encore faut-il qu\u2019elles ne soient pas noyaut\u00e9es- pour r\u00e9enchanter la d\u00e9mocratie. La violence et l\u2019ampleur des \u00e9meutes du 25 juillet 2021 ont montr\u00e9 que notre d\u00e9mocratie est structurellement inachev\u00e9e. K. Sa\u00efed, \u00e9paul\u00e9 sans doute [&hellip;]<\/p>\n","protected":false},"author":1772,"featured_media":0,"comment_status":"closed","ping_status":"closed","sticky":false,"template":"","format":"standard","meta":{"fifu_image_url":"http:\/\/www.leaders.com.tn\/uploads\/content\/thumbnails_small\/1655490536_article.jpg","fifu_image_alt":"La d\u00e9mocratie en Tunisie est structurellement inachev\u00e9e","footnotes":""},"categories":[73,55],"tags":[],"class_list":["post-150401","post","type-post","status-publish","format-standard","hentry","category-actualite","category-tunisie"],"_links":{"self":[{"href":"https:\/\/linitiative.ca\/International\/wp-json\/wp\/v2\/posts\/150401","targetHints":{"allow":["GET"]}}],"collection":[{"href":"https:\/\/linitiative.ca\/International\/wp-json\/wp\/v2\/posts"}],"about":[{"href":"https:\/\/linitiative.ca\/International\/wp-json\/wp\/v2\/types\/post"}],"author":[{"embeddable":true,"href":"https:\/\/linitiative.ca\/International\/wp-json\/wp\/v2\/users\/1772"}],"replies":[{"embeddable":true,"href":"https:\/\/linitiative.ca\/International\/wp-json\/wp\/v2\/comments?post=150401"}],"version-history":[{"count":0,"href":"https:\/\/linitiative.ca\/International\/wp-json\/wp\/v2\/posts\/150401\/revisions"}],"wp:attachment":[{"href":"https:\/\/linitiative.ca\/International\/wp-json\/wp\/v2\/media?parent=150401"}],"wp:term":[{"taxonomy":"category","embeddable":true,"href":"https:\/\/linitiative.ca\/International\/wp-json\/wp\/v2\/categories?post=150401"},{"taxonomy":"post_tag","embeddable":true,"href":"https:\/\/linitiative.ca\/International\/wp-json\/wp\/v2\/tags?post=150401"}],"curies":[{"name":"wp","href":"https:\/\/api.w.org\/{rel}","templated":true}]}}