{"id":150411,"date":"2022-06-17T11:26:59","date_gmt":"2022-06-17T15:26:59","guid":{"rendered":"https:\/\/linitiative.ca\/International\/grande-marlaska-le-maroc-un-voisin-absolument-strategique-et-fiable\/"},"modified":"2022-06-17T11:26:59","modified_gmt":"2022-06-17T15:26:59","slug":"grande-marlaska-le-maroc-un-voisin-absolument-strategique-et-fiable","status":"publish","type":"post","link":"https:\/\/linitiative.ca\/International\/grande-marlaska-le-maroc-un-voisin-absolument-strategique-et-fiable\/","title":{"rendered":"Grande-Marlaska : Le Maroc, \u00ab\u00a0un voisin absolument strat\u00e9gique et fiable\u00a0\u00bb"},"content":{"rendered":"<div><img decoding=\"async\" width=\"813\" height=\"558\" src=\"https:\/\/linitiative.ca\/International\/wp-content\/uploads\/sites\/23\/2022\/06\/Fernando-Grande-Marlaska-ministre-espagnol-de-lInterieur.jpg\" class=\"attachment-post-thumbnail size-post-thumbnail wp-post-image\" alt=\"\" loading=\"lazy\" srcset=\"https:\/\/linitiative.ca\/International\/wp-content\/uploads\/sites\/23\/2022\/06\/Fernando-Grande-Marlaska-ministre-espagnol-de-lInterieur.jpg 813w, https:\/\/www.challenge.ma\/wp-content\/uploads\/2021\/06\/Fernando-Grande-Marlaska-ministre-espagnol-de-lInterieur-300x206.jpg 300w, https:\/\/www.challenge.ma\/wp-content\/uploads\/2021\/06\/Fernando-Grande-Marlaska-ministre-espagnol-de-lInterieur-768x527.jpg 768w, https:\/\/www.challenge.ma\/wp-content\/uploads\/2021\/06\/Fernando-Grande-Marlaska-ministre-espagnol-de-lInterieur-360x247.jpg 360w, https:\/\/www.challenge.ma\/wp-content\/uploads\/2021\/06\/Fernando-Grande-Marlaska-ministre-espagnol-de-lInterieur-750x515.jpg 750w\" sizes=\"auto, (max-width: 813px) 100vw, 813px\" itemprop=\"image\">Le ministre espagnol de l\u2019Int\u00e9rieur, Fernando Grande-Marlaska, a qualifi\u00e9, vendredi, le Maroc de \u00ab\u00a0voisin strat\u00e9gique et fiable\u00a0\u00bb, soulignant la dimension \u00ab\u00a0transversale\u00a0\u00bb de la coop\u00e9ration entre les deux pays. \u00a0\u00bbLe Maroc est un voisin absolument strat\u00e9gique, fiable, avec lequel nous partageons des int\u00e9r\u00eats communs\u00a0\u00bb, a affirm\u00e9 Grande-Marlaska dans des d\u00e9clarations \u00e0<\/div>\n<p>Auteur: Mehdi Ouazzani<br \/>\n<a href=\"https:\/\/www.challenge.ma\/grande-marlaska-le-maroc-un-voisin-absolument-strategique-et-fiable-240895\/\">Cliquez ici pour lire l&rsquo;article depuis sa source.<\/a><\/p>\n","protected":false},"excerpt":{"rendered":"<p>Le ministre espagnol de l\u2019Int\u00e9rieur, Fernando Grande-Marlaska, a qualifi\u00e9, vendredi, le Maroc de \u00ab\u00a0voisin strat\u00e9gique et fiable\u00a0\u00bb, soulignant la dimension \u00ab\u00a0transversale\u00a0\u00bb de la coop\u00e9ration entre les deux pays. \u00a0\u00bbLe Maroc est un voisin absolument strat\u00e9gique, fiable, avec lequel nous partageons des int\u00e9r\u00eats communs\u00a0\u00bb, a affirm\u00e9 Grande-Marlaska dans des d\u00e9clarations \u00e0 Auteur: Mehdi Ouazzani Cliquez ici [&hellip;]<\/p>\n","protected":false},"author":1787,"featured_media":0,"comment_status":"closed","ping_status":"closed","sticky":false,"template":"","format":"standard","meta":{"fifu_image_url":"https:\/\/www.challenge.ma\/wp-content\/uploads\/2021\/06\/Fernando-Grande-Marlaska-ministre-espagnol-de-lInterieur.jpg","fifu_image_alt":"Grande-Marlaska : Le Maroc, \u00ab\u00a0un voisin absolument strat\u00e9gique et fiable\u00a0\u00bb","footnotes":""},"categories":[78,54],"tags":[],"class_list":["post-150411","post","type-post","status-publish","format-standard","hentry","category-economie","category-maroc"],"_links":{"self":[{"href":"https:\/\/linitiative.ca\/International\/wp-json\/wp\/v2\/posts\/150411","targetHints":{"allow":["GET"]}}],"collection":[{"href":"https:\/\/linitiative.ca\/International\/wp-json\/wp\/v2\/posts"}],"about":[{"href":"https:\/\/linitiative.ca\/International\/wp-json\/wp\/v2\/types\/post"}],"author":[{"embeddable":true,"href":"https:\/\/linitiative.ca\/International\/wp-json\/wp\/v2\/users\/1787"}],"replies":[{"embeddable":true,"href":"https:\/\/linitiative.ca\/International\/wp-json\/wp\/v2\/comments?post=150411"}],"version-history":[{"count":0,"href":"https:\/\/linitiative.ca\/International\/wp-json\/wp\/v2\/posts\/150411\/revisions"}],"wp:attachment":[{"href":"https:\/\/linitiative.ca\/International\/wp-json\/wp\/v2\/media?parent=150411"}],"wp:term":[{"taxonomy":"category","embeddable":true,"href":"https:\/\/linitiative.ca\/International\/wp-json\/wp\/v2\/categories?post=150411"},{"taxonomy":"post_tag","embeddable":true,"href":"https:\/\/linitiative.ca\/International\/wp-json\/wp\/v2\/tags?post=150411"}],"curies":[{"name":"wp","href":"https:\/\/api.w.org\/{rel}","templated":true}]}}