{"id":150422,"date":"2022-06-17T10:48:34","date_gmt":"2022-06-17T14:48:34","guid":{"rendered":"https:\/\/linitiative.ca\/International\/justice-le-gouvernement-britannique-va-extrader-le-fondateur-de-wikileaks-julian-assange-vers-les-etats-unis-ou-il-risque-175-ans-de-prison\/"},"modified":"2022-06-17T10:48:34","modified_gmt":"2022-06-17T14:48:34","slug":"justice-le-gouvernement-britannique-va-extrader-le-fondateur-de-wikileaks-julian-assange-vers-les-etats-unis-ou-il-risque-175-ans-de-prison","status":"publish","type":"post","link":"https:\/\/linitiative.ca\/International\/justice-le-gouvernement-britannique-va-extrader-le-fondateur-de-wikileaks-julian-assange-vers-les-etats-unis-ou-il-risque-175-ans-de-prison\/","title":{"rendered":"Justice\u00a0: le gouvernement britannique va extrader le fondateur de WikiLeaks, Julian Assange, vers les \u00c9tats-Unis o\u00f9 il risque 175 ans de prison"},"content":{"rendered":"<div>\n<p>Accus\u00e9 d\u2019avoir diffus\u00e9 des documents secrets sur les activit\u00e9s militaires et diplomatiques des \u00c9tats-Unis, Julian Assange, le fondateur de Wikileaks, arr\u00eat\u00e9 en 2019, est sur le point d\u2019\u00eatre extrad\u00e9 vers les Etats-Unis o\u00f9 il risque 175 ans de prison. La justice am\u00e9ricaine lui reproche pr\u00e9cis\u00e9ment la\u00a0 diffusion de plus de 700 000 documents classifi\u00e9s sur les activit\u00e9s militaires et diplomatiques am\u00e9ricaines, en particulier en Irak et en Afghanistan. Selon le gouvernement britannique, le d\u00e9cret d\u2019extradition du fondateur de WikiLeaks vers les \u00c9tats-Unis a \u00e9t\u00e9 sign\u00e9 ce vendredi 17 juin 2022. Julian Assange est d\u00e9tenu depuis trois ans \u00e0 la prison de haute s\u00e9curit\u00e9 de Belmarsh, pr\u00e8s de Londres.<\/p>\n<p><strong>AK<\/strong><\/p>\n<p><strong>Source\u00a0: RFI<\/strong><\/p>\n<p>\u00a0<\/p>\n<p><strong>\u00a0<\/strong><\/p>\n<\/div>\n<p>Auteur: Wamini SIDWAYA<br \/>\n<a href=\"https:\/\/www.sidwaya.info\/blog\/2022\/06\/17\/justice-le-gouvernement-britannique-va-extrader-le-fondateur-de-wikileaks-julian-assange-vers-les-etats-unis-ou-il-risque-175-ans-de-prison\/\">Cliquez ici pour lire l&rsquo;article depuis sa source.<\/a><\/p>\n","protected":false},"excerpt":{"rendered":"<p>Accus\u00e9 d\u2019avoir diffus\u00e9 des documents secrets sur les activit\u00e9s militaires et diplomatiques des \u00c9tats-Unis, Julian Assange, le fondateur de Wikileaks, arr\u00eat\u00e9 en 2019, est sur le point d\u2019\u00eatre extrad\u00e9 vers les Etats-Unis o\u00f9 il risque 175 ans de prison. La justice am\u00e9ricaine lui reproche pr\u00e9cis\u00e9ment la\u00a0 diffusion de plus de 700 000 documents classifi\u00e9s sur [&hellip;]<\/p>\n","protected":false},"author":1816,"featured_media":0,"comment_status":"closed","ping_status":"closed","sticky":false,"template":"","format":"standard","meta":{"fifu_image_url":"","fifu_image_alt":"","footnotes":""},"categories":[73,81],"tags":[],"class_list":["post-150422","post","type-post","status-publish","format-standard","hentry","category-actualite","category-burkina-faso"],"_links":{"self":[{"href":"https:\/\/linitiative.ca\/International\/wp-json\/wp\/v2\/posts\/150422","targetHints":{"allow":["GET"]}}],"collection":[{"href":"https:\/\/linitiative.ca\/International\/wp-json\/wp\/v2\/posts"}],"about":[{"href":"https:\/\/linitiative.ca\/International\/wp-json\/wp\/v2\/types\/post"}],"author":[{"embeddable":true,"href":"https:\/\/linitiative.ca\/International\/wp-json\/wp\/v2\/users\/1816"}],"replies":[{"embeddable":true,"href":"https:\/\/linitiative.ca\/International\/wp-json\/wp\/v2\/comments?post=150422"}],"version-history":[{"count":0,"href":"https:\/\/linitiative.ca\/International\/wp-json\/wp\/v2\/posts\/150422\/revisions"}],"wp:attachment":[{"href":"https:\/\/linitiative.ca\/International\/wp-json\/wp\/v2\/media?parent=150422"}],"wp:term":[{"taxonomy":"category","embeddable":true,"href":"https:\/\/linitiative.ca\/International\/wp-json\/wp\/v2\/categories?post=150422"},{"taxonomy":"post_tag","embeddable":true,"href":"https:\/\/linitiative.ca\/International\/wp-json\/wp\/v2\/tags?post=150422"}],"curies":[{"name":"wp","href":"https:\/\/api.w.org\/{rel}","templated":true}]}}