{"id":150423,"date":"2022-06-17T11:19:04","date_gmt":"2022-06-17T15:19:04","guid":{"rendered":"https:\/\/linitiative.ca\/International\/football-le-mondial-2026-se-jouera-aux-etats-unis-au-canada-et-au-mexique\/"},"modified":"2022-06-17T11:19:04","modified_gmt":"2022-06-17T15:19:04","slug":"football-le-mondial-2026-se-jouera-aux-etats-unis-au-canada-et-au-mexique","status":"publish","type":"post","link":"https:\/\/linitiative.ca\/International\/football-le-mondial-2026-se-jouera-aux-etats-unis-au-canada-et-au-mexique\/","title":{"rendered":"Football : le Mondial 2026 se jouera aux Etats-Unis, au Canada et au Mexique"},"content":{"rendered":"<div>\n<p>Etats-Unis, Canada et Mexique sont les trois pays, selon les informations de dw, qui accueilleront la Coupe du monde 2026.La comp\u00e9tition se d\u00e9roulera dans 16 villes dont 11 am\u00e9ricaines. <em>\u00ab\u00a0Le monde envahira le Canada, le Mexique et les \u00c9tats-Unis. Ces pays seront envahis par une grande vague de joie et de bonheur, parce que c\u2019est \u00e7a le football. Le football est aussi le sport pour l\u2019inclusion sociale, le rapprochement des gens\u00a0\u00bb, <\/em>a affirm\u00e9 le pr\u00e9sident de la Fifa Gianni Infantino. Le mondial 2026 aura \u00e9galement une autre innovation, \u00e0 savoir accueillir 48 \u00e9quipes \u00a0nationales contre 32 actuellement.<\/p>\n<p><strong>AK<\/strong><\/p>\n<\/div>\n<p>Auteur: Wamini SIDWAYA<br \/>\n<a href=\"https:\/\/www.sidwaya.info\/blog\/2022\/06\/17\/football-le-mondial-2026-se-jouera-aux-etats-unis-au-canada-et-au-mexique\/\">Cliquez ici pour lire l&rsquo;article depuis sa source.<\/a><\/p>\n","protected":false},"excerpt":{"rendered":"<p>Etats-Unis, Canada et Mexique sont les trois pays, selon les informations de dw, qui accueilleront la Coupe du monde 2026.La comp\u00e9tition se d\u00e9roulera dans 16 villes dont 11 am\u00e9ricaines. \u00ab\u00a0Le monde envahira le Canada, le Mexique et les \u00c9tats-Unis. Ces pays seront envahis par une grande vague de joie et de bonheur, parce que c\u2019est [&hellip;]<\/p>\n","protected":false},"author":1816,"featured_media":0,"comment_status":"closed","ping_status":"closed","sticky":false,"template":"","format":"standard","meta":{"fifu_image_url":"","fifu_image_alt":"","footnotes":""},"categories":[73,81],"tags":[],"class_list":["post-150423","post","type-post","status-publish","format-standard","hentry","category-actualite","category-burkina-faso"],"_links":{"self":[{"href":"https:\/\/linitiative.ca\/International\/wp-json\/wp\/v2\/posts\/150423","targetHints":{"allow":["GET"]}}],"collection":[{"href":"https:\/\/linitiative.ca\/International\/wp-json\/wp\/v2\/posts"}],"about":[{"href":"https:\/\/linitiative.ca\/International\/wp-json\/wp\/v2\/types\/post"}],"author":[{"embeddable":true,"href":"https:\/\/linitiative.ca\/International\/wp-json\/wp\/v2\/users\/1816"}],"replies":[{"embeddable":true,"href":"https:\/\/linitiative.ca\/International\/wp-json\/wp\/v2\/comments?post=150423"}],"version-history":[{"count":0,"href":"https:\/\/linitiative.ca\/International\/wp-json\/wp\/v2\/posts\/150423\/revisions"}],"wp:attachment":[{"href":"https:\/\/linitiative.ca\/International\/wp-json\/wp\/v2\/media?parent=150423"}],"wp:term":[{"taxonomy":"category","embeddable":true,"href":"https:\/\/linitiative.ca\/International\/wp-json\/wp\/v2\/categories?post=150423"},{"taxonomy":"post_tag","embeddable":true,"href":"https:\/\/linitiative.ca\/International\/wp-json\/wp\/v2\/tags?post=150423"}],"curies":[{"name":"wp","href":"https:\/\/api.w.org\/{rel}","templated":true}]}}