{"id":150424,"date":"2022-06-17T11:20:01","date_gmt":"2022-06-17T15:20:01","guid":{"rendered":"https:\/\/linitiative.ca\/International\/preparation-can-feminine-2022-les-etalons-dames-rassurees-par-le-ministere-en-charge-des-sports\/"},"modified":"2022-06-17T11:20:01","modified_gmt":"2022-06-17T15:20:01","slug":"preparation-can-feminine-2022-les-etalons-dames-rassurees-par-le-ministere-en-charge-des-sports","status":"publish","type":"post","link":"https:\/\/linitiative.ca\/International\/preparation-can-feminine-2022-les-etalons-dames-rassurees-par-le-ministere-en-charge-des-sports\/","title":{"rendered":"Pr\u00e9paration CAN f\u00e9minine 2022\u00a0: les Etalons dames rassur\u00e9es par le minist\u00e8re en charge des Sports"},"content":{"rendered":"<div>\n<p>Les Etalons dames, qualifi\u00e9es pour la CAN 2022 en juillet prochain au Maroc, se pr\u00e9parent depuis quelques semaines au Centre omnisports des Etalons (COMET) \u00e0 Ouagadougou.<\/p>\n<p>Ce vendredi 17 juin, le s\u00e9lectionneur Pascal Sawadogo et ses joueuses ont re\u00e7u la visite d\u2019une d\u00e9l\u00e9gation du minist\u00e8re des sports, de la jeunesse et de l\u2019emploi avec \u00e0 sa t\u00eate son secr\u00e9taire g\u00e9n\u00e9ral, Dr Soumaila Bitibale et le pr\u00e9sident de la FBF, Lazare Banss\u00e9.<\/p>\n<p>Cette visite vient \u00e0 point nomm\u00e9 car les Etalons dames, qui participeront \u00e0 la premi\u00e8re CAN de leur histoire, \u00e9prouvent des difficult\u00e9s dans leur pr\u00e9paration. La d\u00e9l\u00e9gation les a rassur\u00e9es que les accrocs seront aplanis dans un avenir tr\u00e8s proche parce que cette CAN \u00e0 laquelle elles prendront part est une priorit\u00e9 du ministre en charge des sports, Abdoul Wabou Drabo.<\/p>\n<p>Pour preuve, la d\u00e9l\u00e9gation a indiqu\u00e9 aux joueuses que le ministre a promis\u00a0 le paiement de leurs primes de qualification \u00e0 la CAN avant leur d\u00e9part au Maroc. En outre, le s\u00e9lectionneur obtiendra un match international avant le d\u00e9but de la comp\u00e9tition.<\/p>\n<p>Il a \u00e9t\u00e9 \u00e9galement r\u00e9v\u00e9l\u00e9 que le budget de participation est en passe d\u2019\u00eatre boucl\u00e9 ainsi que l\u2019acquisition des \u00e9quipements.<\/p>\n<p><strong>Ollo Aim\u00e9 C\u00e9saire HIEN<\/strong><\/p>\n<\/div>\n<p>Auteur: Wamini SIDWAYA<br \/>\n<a href=\"https:\/\/www.sidwaya.info\/blog\/2022\/06\/17\/preparation-can-feminine-2022-les-etalons-dames-rassurees-par-le-ministere-en-charge-des-sports\/\">Cliquez ici pour lire l&rsquo;article depuis sa source.<\/a><\/p>\n","protected":false},"excerpt":{"rendered":"<p>Les Etalons dames, qualifi\u00e9es pour la CAN 2022 en juillet prochain au Maroc, se pr\u00e9parent depuis quelques semaines au Centre omnisports des Etalons (COMET) \u00e0 Ouagadougou. Ce vendredi 17 juin, le s\u00e9lectionneur Pascal Sawadogo et ses joueuses ont re\u00e7u la visite d\u2019une d\u00e9l\u00e9gation du minist\u00e8re des sports, de la jeunesse et de l\u2019emploi avec \u00e0 [&hellip;]<\/p>\n","protected":false},"author":1816,"featured_media":0,"comment_status":"closed","ping_status":"closed","sticky":false,"template":"","format":"standard","meta":{"fifu_image_url":"","fifu_image_alt":"","footnotes":""},"categories":[73,81],"tags":[],"class_list":["post-150424","post","type-post","status-publish","format-standard","hentry","category-actualite","category-burkina-faso"],"_links":{"self":[{"href":"https:\/\/linitiative.ca\/International\/wp-json\/wp\/v2\/posts\/150424","targetHints":{"allow":["GET"]}}],"collection":[{"href":"https:\/\/linitiative.ca\/International\/wp-json\/wp\/v2\/posts"}],"about":[{"href":"https:\/\/linitiative.ca\/International\/wp-json\/wp\/v2\/types\/post"}],"author":[{"embeddable":true,"href":"https:\/\/linitiative.ca\/International\/wp-json\/wp\/v2\/users\/1816"}],"replies":[{"embeddable":true,"href":"https:\/\/linitiative.ca\/International\/wp-json\/wp\/v2\/comments?post=150424"}],"version-history":[{"count":0,"href":"https:\/\/linitiative.ca\/International\/wp-json\/wp\/v2\/posts\/150424\/revisions"}],"wp:attachment":[{"href":"https:\/\/linitiative.ca\/International\/wp-json\/wp\/v2\/media?parent=150424"}],"wp:term":[{"taxonomy":"category","embeddable":true,"href":"https:\/\/linitiative.ca\/International\/wp-json\/wp\/v2\/categories?post=150424"},{"taxonomy":"post_tag","embeddable":true,"href":"https:\/\/linitiative.ca\/International\/wp-json\/wp\/v2\/tags?post=150424"}],"curies":[{"name":"wp","href":"https:\/\/api.w.org\/{rel}","templated":true}]}}