{"id":150425,"date":"2022-06-17T11:39:14","date_gmt":"2022-06-17T15:39:14","guid":{"rendered":"https:\/\/linitiative.ca\/International\/liberia-les-parlementaires-preparent-une-loi-pour-elargir-lacces-a-lavortement\/"},"modified":"2022-06-17T11:39:14","modified_gmt":"2022-06-17T15:39:14","slug":"liberia-les-parlementaires-preparent-une-loi-pour-elargir-lacces-a-lavortement","status":"publish","type":"post","link":"https:\/\/linitiative.ca\/International\/liberia-les-parlementaires-preparent-une-loi-pour-elargir-lacces-a-lavortement\/","title":{"rendered":"Liberia : les parlementaires pr\u00e9parent une loi pour \u00e9largir l\u2019acc\u00e8s \u00e0 l\u2019avortement"},"content":{"rendered":"<div>\n<p>Avec l\u2019un des taux de mortalit\u00e9 maternelle les plus \u00e9lev\u00e9s au monde, le Liberia veut r\u00e9viser sa loi sur l\u2019avortement. Les \u00a0statistiques de l\u2019ONU affichent 1 072 d\u00e9c\u00e8s pour 100 000 naissances en 2017 dans le pays de George Weah.<\/p>\n<p>D\u2019apr\u00e8s \u00a0Africanews, les parlementaires lib\u00e9riens pr\u00e9parent une loi \u00e9largissant l\u2019acc\u00e8s \u00e0 l\u2019avortement. Cela permettra aux femmes d\u2019\u00e9viter les moyens clandestins et dangereux pour avorter. Au Liberia, elles ne peuvent avorter qu\u2019en cas de viol, d\u2019inceste, d\u2019anomalie du f\u0153tus, de danger pour la vie de la m\u00e8re ou de risque pour sa sant\u00e9 physique ou mentale.<\/p>\n<p>Le d\u00e9bat est aussi men\u00e9 au S\u00e9nat pour rendre l\u2019avortement l\u00e9gal jusqu\u2019\u00e0 12 semaines de grossesse.\u00a0<em>\u00ab\u00a0Nous voulons que l\u2019avortement cesse d\u2019\u00eatre une infraction criminelle, nous voulons amender le code p\u00e9nal pour l\u00e9galiser l\u2019avortement\u00a0\u00bb<\/em>, a affirm\u00e9 la pr\u00e9sidente de la commission de la sant\u00e9 du S\u00e9nat, Augustine Chea, \u00e0 l\u2019origine du texte.<\/p>\n<p><strong>AK<\/strong><\/p>\n<p><strong>Source : Africanews<\/strong><\/p>\n<\/div>\n<p>Auteur: Wamini SIDWAYA<br \/>\n<a href=\"https:\/\/www.sidwaya.info\/blog\/2022\/06\/17\/liberia-les-parlementaires-preparent-une-loi-pour-elargir-lacces-a-lavortement\/\">Cliquez ici pour lire l&rsquo;article depuis sa source.<\/a><\/p>\n","protected":false},"excerpt":{"rendered":"<p>Avec l\u2019un des taux de mortalit\u00e9 maternelle les plus \u00e9lev\u00e9s au monde, le Liberia veut r\u00e9viser sa loi sur l\u2019avortement. Les \u00a0statistiques de l\u2019ONU affichent 1 072 d\u00e9c\u00e8s pour 100 000 naissances en 2017 dans le pays de George Weah. D\u2019apr\u00e8s \u00a0Africanews, les parlementaires lib\u00e9riens pr\u00e9parent une loi \u00e9largissant l\u2019acc\u00e8s \u00e0 l\u2019avortement. Cela permettra aux [&hellip;]<\/p>\n","protected":false},"author":1816,"featured_media":0,"comment_status":"closed","ping_status":"closed","sticky":false,"template":"","format":"standard","meta":{"fifu_image_url":"","fifu_image_alt":"","footnotes":""},"categories":[73,81],"tags":[],"class_list":["post-150425","post","type-post","status-publish","format-standard","hentry","category-actualite","category-burkina-faso"],"_links":{"self":[{"href":"https:\/\/linitiative.ca\/International\/wp-json\/wp\/v2\/posts\/150425","targetHints":{"allow":["GET"]}}],"collection":[{"href":"https:\/\/linitiative.ca\/International\/wp-json\/wp\/v2\/posts"}],"about":[{"href":"https:\/\/linitiative.ca\/International\/wp-json\/wp\/v2\/types\/post"}],"author":[{"embeddable":true,"href":"https:\/\/linitiative.ca\/International\/wp-json\/wp\/v2\/users\/1816"}],"replies":[{"embeddable":true,"href":"https:\/\/linitiative.ca\/International\/wp-json\/wp\/v2\/comments?post=150425"}],"version-history":[{"count":0,"href":"https:\/\/linitiative.ca\/International\/wp-json\/wp\/v2\/posts\/150425\/revisions"}],"wp:attachment":[{"href":"https:\/\/linitiative.ca\/International\/wp-json\/wp\/v2\/media?parent=150425"}],"wp:term":[{"taxonomy":"category","embeddable":true,"href":"https:\/\/linitiative.ca\/International\/wp-json\/wp\/v2\/categories?post=150425"},{"taxonomy":"post_tag","embeddable":true,"href":"https:\/\/linitiative.ca\/International\/wp-json\/wp\/v2\/tags?post=150425"}],"curies":[{"name":"wp","href":"https:\/\/api.w.org\/{rel}","templated":true}]}}