{"id":150434,"date":"2022-06-17T13:18:03","date_gmt":"2022-06-17T17:18:03","guid":{"rendered":"https:\/\/linitiative.ca\/International\/maroc-exclusion-des-achats-electroniques-des-franchises-douanieres\/"},"modified":"2022-06-17T13:18:03","modified_gmt":"2022-06-17T17:18:03","slug":"maroc-exclusion-des-achats-electroniques-des-franchises-douanieres","status":"publish","type":"post","link":"https:\/\/linitiative.ca\/International\/maroc-exclusion-des-achats-electroniques-des-franchises-douanieres\/","title":{"rendered":"Maroc : Exclusion des achats \u00e9lectroniques des franchises douani\u00e8res"},"content":{"rendered":"<div>\n<p><img decoding=\"async\" width=\"318\" height=\"159\" src=\"https:\/\/linitiative.ca\/International\/wp-content\/uploads\/sites\/23\/2022\/06\/16554862838127.jpg\" class=\"attachment-post-thumbnail size-post-thumbnail wp-post-image\" alt=\"\" loading=\"lazy\" srcset=\"https:\/\/linitiative.ca\/International\/wp-content\/uploads\/sites\/23\/2022\/06\/16554862838127.jpg 318w, https:\/\/www.journalducameroun.com\/wp-content\/uploads\/2022\/06\/16554862838127-300x150.jpg 300w\" sizes=\"auto, (max-width: 318px) 100vw, 318px\"><\/p>\n<p>Les achats effectu\u00e9s via les plateformes internationales de commerce \u00e9lectronique seront exclus de l&rsquo;exon\u00e9ration des droits de douane \u00e0 l&rsquo;importation, quelle qu&rsquo;en soit la valeur et ce \u00e0 compter du 1 er juillet 2022, indique vendredi un communiqu\u00e9 de l&rsquo;Administration marocaine des Douanes et imp\u00f4ts indirects (ADII).Cette mesure a \u00e9t\u00e9 prise suite \u00e0 des enqu\u00eates men\u00e9es par l&rsquo;Administration des Douanes et Imp\u00f4ts Indirects ayant r\u00e9v\u00e9l\u00e9 que des pratiques ill\u00e9gales \u00e9taient \u00e0 l&rsquo;origine de cette \u00e9volution inqui\u00e9tant les envois exp\u00e9di\u00e9s par certaines plateformes internationales de commerce \u00e9lectronique consistent en r\u00e9alit\u00e9 en des op\u00e9rations d&rsquo;importation de grandes quantit\u00e9s de marchandises, sous couvert des facilit\u00e9s douani\u00e8res pr\u00e9vues pour les envois exceptionnels n&rsquo;ayant pas de caract\u00e8re commercial ainsi que les marchandises de faible valeur, explique la m\u00eame source.<\/p>\n<p>Selon l&rsquo;ADII, cette situation a conduit \u00e0 \u00ab\u00a0l&rsquo;\u00e9mergence d&rsquo;un march\u00e9 informel consistant en la revente d&rsquo;articles acquis via des sites internationaux de commerce \u00e9lectronique, en usant de la fraude sur la valeur d\u00e9clar\u00e9e des achats (sous-facturation) ou en les r\u00e9partissant entre plusieurs b\u00e9n\u00e9ficiaires, alors que l&rsquo;acheteur r\u00e9el est la m\u00eame personne et ce, afin de b\u00e9n\u00e9ficier de l&rsquo;exon\u00e9ration douani\u00e8re et de contourner les normes de contr\u00f4le li\u00e9es \u00e0 la protection du consommateur\u00a0\u00bb.<\/p>\n<p>Ces pratiques constituent une concurrence d\u00e9loyale pour l&rsquo;industrie locale et le commerce formel et un manque \u00e0 gagner certain pour l&rsquo;\u00c9tat et peuvent repr\u00e9senter un danger pour la sant\u00e9 du consommateur, souligne le communiqu\u00e9.<\/p>\n<p>Pour rappel, le commerce \u00e9lectronique via les plateformes internationales a r\u00e9cemment connu une croissance exponentielle. En effet, le chiffre d&rsquo;affaires r\u00e9alis\u00e9 au Maroc par certaines de ces plateformes est de 94,\u202f5 millions d&rsquo;euros (Plus de 1 milliard DH) en 2021.<\/p>\n<p>Il est \u00e0 noter que cette disposition ne s&rsquo;applique pas aux envois, sans caract\u00e8re commercial re\u00e7us de l&rsquo;\u00e9tranger dont la valeur n&rsquo;exc\u00e8de pas 1.250 dirhams, qui continueront \u00e0 b\u00e9n\u00e9ficier de l&rsquo;exon\u00e9ration douani\u00e8re conform\u00e9ment au d\u00e9cret susvis\u00e9, pr\u00e9cise l&rsquo;ADII.<\/p>\n<p>Pour l&rsquo;ADII, cette mesure ne \u00ab\u00a0vise en aucune mani\u00e8re \u00e0 porter atteinte \u00e0 la libert\u00e9 d&rsquo;achat du consommateur via les plateformes de commerce international, mais a pour objectif plut\u00f4t de prot\u00e9ger tant le citoyen que l&rsquo;\u00e9conomie locale\u00a0\u00bb.<\/p>\n<p>Cet article <a rel=\"nofollow\" href=\"https:\/\/www.journalducameroun.com\/maroc-exclusion-des-achats-electroniques-des-franchises-douanieres\/\">Maroc : Exclusion des achats \u00e9lectroniques des franchises douani\u00e8res<\/a> est apparu en premier sur <a rel=\"nofollow\" href=\"https:\/\/www.journalducameroun.com\/\">Journal du Cameroun<\/a>.<\/p>\n<\/div>\n<p>Auteur: APA News<br \/>\n<a href=\"https:\/\/www.journalducameroun.com\/maroc-exclusion-des-achats-electroniques-des-franchises-douanieres\/\">Cliquez ici pour lire l&rsquo;article depuis sa source.<\/a><\/p>\n","protected":false},"excerpt":{"rendered":"<p>Les achats effectu\u00e9s via les plateformes internationales de commerce \u00e9lectronique seront exclus de l&rsquo;exon\u00e9ration des droits de douane \u00e0 l&rsquo;importation, quelle qu&rsquo;en soit la valeur et ce \u00e0 compter du 1 er juillet 2022, indique vendredi un communiqu\u00e9 de l&rsquo;Administration marocaine des Douanes et imp\u00f4ts indirects (ADII).Cette mesure a \u00e9t\u00e9 prise suite \u00e0 des enqu\u00eates [&hellip;]<\/p>\n","protected":false},"author":1965,"featured_media":0,"comment_status":"closed","ping_status":"closed","sticky":false,"template":"","format":"standard","meta":{"fifu_image_url":"https:\/\/www.journalducameroun.com\/wp-content\/uploads\/2022\/06\/16554862838127.jpg","fifu_image_alt":"Maroc : Exclusion des achats \u00e9lectroniques des franchises douani\u00e8res","footnotes":""},"categories":[73,82],"tags":[],"class_list":["post-150434","post","type-post","status-publish","format-standard","hentry","category-actualite","category-cameroun"],"_links":{"self":[{"href":"https:\/\/linitiative.ca\/International\/wp-json\/wp\/v2\/posts\/150434","targetHints":{"allow":["GET"]}}],"collection":[{"href":"https:\/\/linitiative.ca\/International\/wp-json\/wp\/v2\/posts"}],"about":[{"href":"https:\/\/linitiative.ca\/International\/wp-json\/wp\/v2\/types\/post"}],"author":[{"embeddable":true,"href":"https:\/\/linitiative.ca\/International\/wp-json\/wp\/v2\/users\/1965"}],"replies":[{"embeddable":true,"href":"https:\/\/linitiative.ca\/International\/wp-json\/wp\/v2\/comments?post=150434"}],"version-history":[{"count":0,"href":"https:\/\/linitiative.ca\/International\/wp-json\/wp\/v2\/posts\/150434\/revisions"}],"wp:attachment":[{"href":"https:\/\/linitiative.ca\/International\/wp-json\/wp\/v2\/media?parent=150434"}],"wp:term":[{"taxonomy":"category","embeddable":true,"href":"https:\/\/linitiative.ca\/International\/wp-json\/wp\/v2\/categories?post=150434"},{"taxonomy":"post_tag","embeddable":true,"href":"https:\/\/linitiative.ca\/International\/wp-json\/wp\/v2\/tags?post=150434"}],"curies":[{"name":"wp","href":"https:\/\/api.w.org\/{rel}","templated":true}]}}