{"id":150439,"date":"2022-06-17T12:44:31","date_gmt":"2022-06-17T16:44:31","guid":{"rendered":"https:\/\/linitiative.ca\/International\/lutte-contre-le-cholera-lonu-alloue-750-millions-de-f-aux-regions-du-littoral-et-du-sud-ouest\/"},"modified":"2022-06-17T12:44:31","modified_gmt":"2022-06-17T16:44:31","slug":"lutte-contre-le-cholera-lonu-alloue-750-millions-de-f-aux-regions-du-littoral-et-du-sud-ouest","status":"publish","type":"post","link":"https:\/\/linitiative.ca\/International\/lutte-contre-le-cholera-lonu-alloue-750-millions-de-f-aux-regions-du-littoral-et-du-sud-ouest\/","title":{"rendered":"Lutte contre le chol\u00e9ra\u00a0: l\u2019ONU alloue 750 millions de F aux r\u00e9gions du Littoral et du Sud-Ouest"},"content":{"rendered":"<div>\n<p>Resurgis au mois de f\u00e9vrier dernier, l\u2019\u00e9pid\u00e9mie du chol\u00e9ra n\u2019a cess\u00e9 de faire des victimes dans les h\u00f4pitaux et districts du pays. Selon le rapport de situation de la gestion de la maladie rendu public par le minist\u00e8re de la Sant\u00e9 public, au 5 avril 2022, 3 407 cas ont \u00e9t\u00e9 notifi\u00e9s. Au vu de ces analyses, la r\u00e9gion du Sud-Ouest appara\u00eet comme le principal foyer de l\u2019\u00e9pid\u00e9mie suivie du Littoral.<\/p>\n<p>Compte tenu de la situation, le Fonds central des Nations Unies pour les interventions d\u2019urgence (Cerf) a mis \u00e0 la disposition de ces deux foyers de contamination, une enveloppe de 1,7 million de dollars, soit environ 750 millions de Fcfa. Pour l\u2019institution, \u00ab ces projets fourniront une assistance d\u2019urgence dans la gestion des cas, de l\u2019eau, de l\u2019hygi\u00e8ne et l\u2019assainissement aux communaut\u00e9s touch\u00e9es par l\u2019\u00e9pid\u00e9mie de chol\u00e9ra \u00bb.<\/p>\n<p><strong>Lire aussi : <a href=\"https:\/\/ecomatin.net\/pour-stopper-la-propagation-du-cholera-le-gouvernement-envisage-une-campagne-de-vaccination\/\" target=\"_blank\" rel=\"noreferrer noopener\">Pour stopper la propagation du chol\u00e9ra, le gouvernement envisage une campagne de vaccination<\/a><\/strong><\/p>\n<p>Toutefois, la desserte en eau potable dans la plupart des villes foyers de l\u2019\u00e9pid\u00e9mie intervient comme le premier facteur qui a rendu la situation \u00e9pid\u00e9miologique potentiellement explosive \u00e0 travers le pays, depuis le d\u00e9but de la saison s\u00e8che. Tenons en occurrence les deux plus grandes agglom\u00e9rations du pays que sont Yaound\u00e9 et Douala, qui apr\u00e8s examen de la politique de rationnement mise en \u0153uvre par Camwater (Cameroon Water utilities), font \u00e9tat d\u2019une dizaine de quartiers (par ville ndlr) non aliment\u00e9s. Un chiffre qui ne prend pas en compte les quartiers r\u00e9put\u00e9s au r\u00e9gime sec depuis plusieurs ann\u00e9es, ainsi que l\u2019arri\u00e8re-pays, o\u00f9 moins de 20% de la population a acc\u00e8s \u00e0 des services d\u2019hygi\u00e8ne de base. Yaound\u00e9, pour ne prendre que cet exemple, enregistrait d\u00e9j\u00e0 un d\u00e9ficit en eau potable de 215 000 m3 par jour note-t-on.<\/p>\n<p>Pour m\u00e9moire, la pr\u00e9c\u00e9dente r\u00e9surgence du chol\u00e9ra avait fait 66 morts au Cameroun entre janvier et ao\u00fbt 2020. D\u00e9but 2021, l\u2019Organisation Mondiale de la Sant\u00e9 (OMS) estimait qu\u2019il y a avait chaque ann\u00e9e de 1,3 \u00e0 4 millions de cas de chol\u00e9ra et 21 000 \u00e0 143 000 d\u00e9c\u00e8s dus \u00e0 cette maladie dans le monde.\u00a0\u00ab\u00a0Des vaccins anti chol\u00e9riques s\u00fbrs, administr\u00e9s par voie orale, doivent \u00eatre utilis\u00e9s conjointement \u00e0 l\u2019am\u00e9lioration de l\u2019approvisionnement en eau et de l\u2019assainissement pour limiter les flamb\u00e9es de chol\u00e9ra et favoriser la pr\u00e9vention dans les zones connues pour \u00eatre \u00e0 haut risque\u00a0\u00bb apprend-t-on de l\u2019organisation onusienne.<\/p>\n<p><strong>Lire aussi : <a href=\"https:\/\/ecomatin.net\/epidemie-de-cholera-camwater-et-la-problematique-de-leau\/\" target=\"_blank\" rel=\"noreferrer noopener\">Epid\u00e9mie de chol\u00e9ra\u00a0: Camwater et la probl\u00e9matique de l\u2019eau<\/a><\/strong><\/p>\n<p>L\u2019article <a rel=\"nofollow\" href=\"https:\/\/ecomatin.net\/lutte-contre-le-cholera-lonu-alloue-750-millions-de-f-aux-regions-du-littoral-et-du-sud-ouest\/\">Lutte contre le chol\u00e9ra\u00a0: l\u2019ONU alloue 750 millions de F aux r\u00e9gions du Littoral et du Sud-Ouest<\/a> est apparu en premier sur <a rel=\"nofollow\" href=\"https:\/\/ecomatin.net\/\">EcoMatin<\/a>.<\/p>\n<\/div>\n<p>Auteur: Mairamou Abdou<br \/>\n<a href=\"https:\/\/ecomatin.net\/lutte-contre-le-cholera-lonu-alloue-750-millions-de-f-aux-regions-du-littoral-et-du-sud-ouest\/\">Cliquez ici pour lire l&rsquo;article depuis sa source.<\/a><\/p>\n","protected":false},"excerpt":{"rendered":"<p>Resurgis au mois de f\u00e9vrier dernier, l\u2019\u00e9pid\u00e9mie du chol\u00e9ra n\u2019a cess\u00e9 de faire des victimes dans les h\u00f4pitaux et districts du pays. Selon le rapport de situation de la gestion de la maladie rendu public par le minist\u00e8re de la Sant\u00e9 public, au 5 avril 2022, 3 407 cas ont \u00e9t\u00e9 notifi\u00e9s. Au vu de [&hellip;]<\/p>\n","protected":false},"author":1969,"featured_media":0,"comment_status":"closed","ping_status":"closed","sticky":false,"template":"","format":"standard","meta":{"fifu_image_url":"","fifu_image_alt":"","footnotes":""},"categories":[82,78],"tags":[],"class_list":["post-150439","post","type-post","status-publish","format-standard","hentry","category-cameroun","category-economie"],"_links":{"self":[{"href":"https:\/\/linitiative.ca\/International\/wp-json\/wp\/v2\/posts\/150439","targetHints":{"allow":["GET"]}}],"collection":[{"href":"https:\/\/linitiative.ca\/International\/wp-json\/wp\/v2\/posts"}],"about":[{"href":"https:\/\/linitiative.ca\/International\/wp-json\/wp\/v2\/types\/post"}],"author":[{"embeddable":true,"href":"https:\/\/linitiative.ca\/International\/wp-json\/wp\/v2\/users\/1969"}],"replies":[{"embeddable":true,"href":"https:\/\/linitiative.ca\/International\/wp-json\/wp\/v2\/comments?post=150439"}],"version-history":[{"count":0,"href":"https:\/\/linitiative.ca\/International\/wp-json\/wp\/v2\/posts\/150439\/revisions"}],"wp:attachment":[{"href":"https:\/\/linitiative.ca\/International\/wp-json\/wp\/v2\/media?parent=150439"}],"wp:term":[{"taxonomy":"category","embeddable":true,"href":"https:\/\/linitiative.ca\/International\/wp-json\/wp\/v2\/categories?post=150439"},{"taxonomy":"post_tag","embeddable":true,"href":"https:\/\/linitiative.ca\/International\/wp-json\/wp\/v2\/tags?post=150439"}],"curies":[{"name":"wp","href":"https:\/\/api.w.org\/{rel}","templated":true}]}}