{"id":150442,"date":"2022-06-18T07:58:28","date_gmt":"2022-06-18T11:58:28","guid":{"rendered":"https:\/\/linitiative.ca\/International\/supply-chain-un-enjeu-majeur-pour-la-logistique\/"},"modified":"2022-06-18T07:58:28","modified_gmt":"2022-06-18T11:58:28","slug":"supply-chain-un-enjeu-majeur-pour-la-logistique","status":"publish","type":"post","link":"https:\/\/linitiative.ca\/International\/supply-chain-un-enjeu-majeur-pour-la-logistique\/","title":{"rendered":"Supply chain, un enjeu majeur pour  la logistique"},"content":{"rendered":"<div>\n<p><img decoding=\"async\" width=\"300\" height=\"153\" src=\"https:\/\/linitiative.ca\/International\/wp-content\/uploads\/sites\/23\/2022\/06\/Supply-chain-un-enjeu-majeur-pour-la-logistique-300x153-1.png\" class=\"attachment-medium size-medium wp-post-image\" alt=\"\" loading=\"lazy\" srcset=\"https:\/\/linitiative.ca\/International\/wp-content\/uploads\/sites\/23\/2022\/06\/Supply-chain-un-enjeu-majeur-pour-la-logistique-300x153-1.png 300w, https:\/\/aujourdhui.ma\/wp-content\/uploads\/2022\/06\/Supply-chain-un-enjeu-majeur-pour-la-logistique-274x140.png 274w, https:\/\/aujourdhui.ma\/wp-content\/uploads\/2022\/06\/Supply-chain-un-enjeu-majeur-pour-la-logistique.png 746w, https:\/\/aujourdhui.ma\/wp-content\/uploads\/2022\/06\/Supply-chain-un-enjeu-majeur-pour-la-logistique-165x84.png 165w, https:\/\/aujourdhui.ma\/wp-content\/uploads\/2022\/06\/Supply-chain-un-enjeu-majeur-pour-la-logistique-702x358.png 702w\" sizes=\"auto, (max-width: 300px) 100vw, 300px\"><\/p>\n<p><span style=\"color: #800000;\"><strong>Dans un contexte marqu\u00e9 par la crise sanitaire et les tensions g\u00e9opolitiques<\/strong><\/span><span id=\"more-410955\"><\/span><\/p>\n<p>Alors que le monde vit au rythme des incertitudes depuis au moins deux ann\u00e9es, la logistique et certains sp\u00e9cialit\u00e9s comme la supply chain sont plus que jamais sur le devant de la sc\u00e8ne. Dans ce sens, les professionnels du secteur de la logistique insistent sur les enjeux majeurs li\u00e9s \u00e0 la conjoncture actuelle. Selon le directeur g\u00e9n\u00e9ral de PortNet S.A, Youssef Ahouzi, la s\u00e9curisation de la supply chain, et en particulier des approvisionnements, des transports, d\u2019entreposage et de stockage, devient aujourd\u2019hui un enjeu majeur. \u00abLa supply chain doit faire preuve plus que jamais de r\u00e9activit\u00e9, de flexibilit\u00e9 et de r\u00e9silience en toutes circonstances afin de r\u00e9pondre aux demandes et aux besoins de plus en plus importants des entreprises et des populations\u00bb, a soulign\u00e9 M. Ahouzi qui s\u2019exprimait \u00e0 l\u2019ouverture des \u00abRencontres du Digital by PortNet\u00bb, dans le cadre de la 9\u00e8me \u00e9dition du Salon international du transport et de la logistique pour l\u2019Afrique et la M\u00e9diterran\u00e9e (Logismed). Il faut dire que certaines contraintes repr\u00e9sentent pour les logisticiens de v\u00e9ritables d\u00e9fis. Aujourd\u2019hui, \u00able d\u00e9fi est \u00e0 la fois de maintenir, de consolider et d\u2019acc\u00e9l\u00e9rer les efforts collectifs visant la facilitation des \u00e9changes transfrontaliers pour permettre l\u2019int\u00e9gration efficace et efficiente de la supply chain \u00e0 l\u2019international\u00bb, a assur\u00e9 M. Ahouzi.<br \/>\nEt d\u2019expliquer que la mise en place de syst\u00e8mes communautaires tels que les port community systems, cargo community systems et guichets uniques virtuels ainsi que l\u2019utilisation des nouvelles technologies constituent un v\u00e9ritable levier pour l\u2019optimisation et la ma\u00eetrise de la complexit\u00e9 et la multitude de flux et d\u2019acteurs dans le commerce transfrontalier.<\/p>\n<p>Ils permettent ainsi une meilleure agilit\u00e9 dans l\u2019\u00e9volution des r\u00e9seaux logistiques, une capacit\u00e9 de production et une certaine synergie entre les diff\u00e9rents maillons de la cha\u00eene, a-t-il fait valoir.<br \/>\nLe Guichet Unique PortNet, au vu de sa gouvernance communautaire et du caract\u00e8re collaboratif de ses services digitaux et sa couverture int\u00e9gr\u00e9e des processus du commerce ext\u00e9rieur, est devenu, en quelques ann\u00e9es, un mod\u00e8le et une r\u00e9f\u00e9rence internationale dans la mise en place de guichets uniques pour le commerce ext\u00e9rieur et le port communautaire et syst\u00e8mes logistiques, a fait savoir M. Ahouzi.<br \/>\nA ce jour, \u00abnous avons mis en place une centaine de services en ligne et l\u2019ensemble de ces services est le fruit de l\u2019adh\u00e9sion et de l\u2019implication de l\u2019ensemble de la communaut\u00e9, notamment la communaut\u00e9 logistique\u00bb, a-t-il relev\u00e9.<\/p>\n<p>Et de rappeler, \u00e0 cet \u00e9gard, le lancement du dernier service permettant de digitaliser tous les processus en amont et en aval du d\u00e9douanement des marchandises, \u00e0 savoir l\u2019op\u00e9ration de change avec l\u2019agent maritime et l\u2019enl\u00e8vement avec l\u2019op\u00e9rateur portuaire.<br \/>\n\u00abEt c\u2019est dans l\u2019objectif ultime de pouvoir int\u00e9grer l\u2019ensemble des d\u00e9marches \u00e0 l\u2019international et toutes les parties prenantes pour ainsi assurer une exp\u00e9rience 100% digitale aux op\u00e9rateurs \u00e9conomiques au niveau de tous les points transfrontaliers maritimes, a\u00e9riens et terrestres\u00bb, a-t-il conclu.<br \/>\nPlac\u00e9 sous le th\u00e8me \u00abLa digitalisation, une simple \u00e9volution ou une n\u00e9cessaire r\u00e9volution dans un monde VUCA\u00bb, Logismed 2022 a trait\u00e9 de la digitalisation de la supply chain, une th\u00e9matique r\u00e9v\u00e9latrice des grandes tendances du march\u00e9 qui sera soutenue par un programme de conf\u00e9rences de haut niveau.<\/p>\n<p>Organis\u00e9e sous l\u2019\u00e9gide du minist\u00e8re du transport et de la logistique en partenariat avec l\u2019Agence marocaine de d\u00e9veloppement de la logistique (AMDL), cette \u00e9dition a \u00e9t\u00e9 rythm\u00e9e par plusieurs animations, dont les Rencontres du digital by PortNet S.A, les Morocco Procurement Awards by AMCA, le Village Investissements &amp; Territoires et le Hackathon by ADD.<br \/>\nCr\u00e9\u00e9 en 2012, Logismed a pour objectifs principaux d\u2019apporter une contribution active dans la promotion de la culture logistique au Maroc et la valorisation des m\u00e9tiers du secteur, ainsi que dans la cr\u00e9ation d\u2019un mouvement soutenu f\u00e9d\u00e9rant toutes les composantes de la communaut\u00e9 logistique au plan national.<\/p>\n<\/div>\n<p>Auteur: Mohamed Badrane<br \/>\n<a href=\"https:\/\/aujourdhui.ma\/economie\/supply-chain-un-enjeu-majeur-pour-la-logistique\">Cliquez ici pour lire l&rsquo;article depuis sa source.<\/a><\/p>\n","protected":false},"excerpt":{"rendered":"<p>Dans un contexte marqu\u00e9 par la crise sanitaire et les tensions g\u00e9opolitiques Alors que le monde vit au rythme des incertitudes depuis au moins deux ann\u00e9es, la logistique et certains sp\u00e9cialit\u00e9s comme la supply chain sont plus que jamais sur le devant de la sc\u00e8ne. Dans ce sens, les professionnels du secteur de la logistique [&hellip;]<\/p>\n","protected":false},"author":1759,"featured_media":0,"comment_status":"closed","ping_status":"closed","sticky":false,"template":"","format":"standard","meta":{"fifu_image_url":"https:\/\/aujourdhui.ma\/wp-content\/uploads\/2022\/06\/Supply-chain-un-enjeu-majeur-pour-la-logistique-300x153.png","fifu_image_alt":"Supply chain, un enjeu majeur pour  la logistique","footnotes":""},"categories":[73,54],"tags":[],"class_list":["post-150442","post","type-post","status-publish","format-standard","hentry","category-actualite","category-maroc"],"_links":{"self":[{"href":"https:\/\/linitiative.ca\/International\/wp-json\/wp\/v2\/posts\/150442","targetHints":{"allow":["GET"]}}],"collection":[{"href":"https:\/\/linitiative.ca\/International\/wp-json\/wp\/v2\/posts"}],"about":[{"href":"https:\/\/linitiative.ca\/International\/wp-json\/wp\/v2\/types\/post"}],"author":[{"embeddable":true,"href":"https:\/\/linitiative.ca\/International\/wp-json\/wp\/v2\/users\/1759"}],"replies":[{"embeddable":true,"href":"https:\/\/linitiative.ca\/International\/wp-json\/wp\/v2\/comments?post=150442"}],"version-history":[{"count":0,"href":"https:\/\/linitiative.ca\/International\/wp-json\/wp\/v2\/posts\/150442\/revisions"}],"wp:attachment":[{"href":"https:\/\/linitiative.ca\/International\/wp-json\/wp\/v2\/media?parent=150442"}],"wp:term":[{"taxonomy":"category","embeddable":true,"href":"https:\/\/linitiative.ca\/International\/wp-json\/wp\/v2\/categories?post=150442"},{"taxonomy":"post_tag","embeddable":true,"href":"https:\/\/linitiative.ca\/International\/wp-json\/wp\/v2\/tags?post=150442"}],"curies":[{"name":"wp","href":"https:\/\/api.w.org\/{rel}","templated":true}]}}