{"id":150446,"date":"2022-06-18T09:11:16","date_gmt":"2022-06-18T13:11:16","guid":{"rendered":"https:\/\/linitiative.ca\/International\/video-plongee-dans-les-coulisses-de-la-10eme-edition-du-marrakech-du-rire\/"},"modified":"2022-06-18T09:11:16","modified_gmt":"2022-06-18T13:11:16","slug":"video-plongee-dans-les-coulisses-de-la-10eme-edition-du-marrakech-du-rire","status":"publish","type":"post","link":"https:\/\/linitiative.ca\/International\/video-plongee-dans-les-coulisses-de-la-10eme-edition-du-marrakech-du-rire\/","title":{"rendered":"Vid\u00e9o : Plong\u00e9e dans les coulisses de la 10eme \u00e9dition du Marrakech du Rire"},"content":{"rendered":"<div>\n<p><img decoding=\"async\" width=\"300\" height=\"153\" src=\"https:\/\/linitiative.ca\/International\/wp-content\/uploads\/sites\/23\/2022\/06\/Marrakech-du-rire-300x153-1.jpg\" class=\"attachment-medium size-medium wp-post-image\" alt=\"\" loading=\"lazy\" srcset=\"https:\/\/linitiative.ca\/International\/wp-content\/uploads\/sites\/23\/2022\/06\/Marrakech-du-rire-300x153-1.jpg 300w, https:\/\/aujourdhui.ma\/wp-content\/uploads\/2022\/06\/Marrakech-du-rire-274x140.jpg 274w, https:\/\/aujourdhui.ma\/wp-content\/uploads\/2022\/06\/Marrakech-du-rire.jpg 746w, https:\/\/aujourdhui.ma\/wp-content\/uploads\/2022\/06\/Marrakech-du-rire-165x84.jpg 165w, https:\/\/aujourdhui.ma\/wp-content\/uploads\/2022\/06\/Marrakech-du-rire-702x358.jpg 702w\" sizes=\"auto, (max-width: 300px) 100vw, 300px\"><\/p>\n<p><span class=\"style-scope yt-formatted-string\" dir=\"auto\" style=\"color: #800000;\"> <strong>La ville ocre vit depuis mercredi dernier aux rythmes de la 10\u00e8me \u00e9dition du Marrakech du Rire. Retour en images sur les derni\u00e8res retouches avant le top d\u00e9part.<\/strong> <\/span><\/p>\n<p><strong><span class=\"style-scope yt-formatted-string\" dir=\"auto\">REPORTAGE VID\u00c9O : CHAFIK ARICH<\/span><\/strong><\/p>\n<\/div>\n<p>Auteur: ALM<br \/>\n<a href=\"https:\/\/aujourdhui.ma\/videos\/video-plongee-dans-les-coulisses-de-la-10eme-edition-du-marrakech-du-rire\">Cliquez ici pour lire l&rsquo;article depuis sa source.<\/a><\/p>\n","protected":false},"excerpt":{"rendered":"<p>La ville ocre vit depuis mercredi dernier aux rythmes de la 10\u00e8me \u00e9dition du Marrakech du Rire. Retour en images sur les derni\u00e8res retouches avant le top d\u00e9part. REPORTAGE VID\u00c9O : CHAFIK ARICH Auteur: ALM Cliquez ici pour lire l&rsquo;article depuis sa source.<\/p>\n","protected":false},"author":1759,"featured_media":0,"comment_status":"closed","ping_status":"closed","sticky":false,"template":"","format":"standard","meta":{"fifu_image_url":"https:\/\/aujourdhui.ma\/wp-content\/uploads\/2022\/06\/Marrakech-du-rire-300x153.jpg","fifu_image_alt":"Vid\u00e9o : Plong\u00e9e dans les coulisses de la 10eme \u00e9dition du Marrakech du Rire","footnotes":""},"categories":[73,54],"tags":[],"class_list":["post-150446","post","type-post","status-publish","format-standard","hentry","category-actualite","category-maroc"],"_links":{"self":[{"href":"https:\/\/linitiative.ca\/International\/wp-json\/wp\/v2\/posts\/150446","targetHints":{"allow":["GET"]}}],"collection":[{"href":"https:\/\/linitiative.ca\/International\/wp-json\/wp\/v2\/posts"}],"about":[{"href":"https:\/\/linitiative.ca\/International\/wp-json\/wp\/v2\/types\/post"}],"author":[{"embeddable":true,"href":"https:\/\/linitiative.ca\/International\/wp-json\/wp\/v2\/users\/1759"}],"replies":[{"embeddable":true,"href":"https:\/\/linitiative.ca\/International\/wp-json\/wp\/v2\/comments?post=150446"}],"version-history":[{"count":0,"href":"https:\/\/linitiative.ca\/International\/wp-json\/wp\/v2\/posts\/150446\/revisions"}],"wp:attachment":[{"href":"https:\/\/linitiative.ca\/International\/wp-json\/wp\/v2\/media?parent=150446"}],"wp:term":[{"taxonomy":"category","embeddable":true,"href":"https:\/\/linitiative.ca\/International\/wp-json\/wp\/v2\/categories?post=150446"},{"taxonomy":"post_tag","embeddable":true,"href":"https:\/\/linitiative.ca\/International\/wp-json\/wp\/v2\/tags?post=150446"}],"curies":[{"name":"wp","href":"https:\/\/api.w.org\/{rel}","templated":true}]}}