{"id":150453,"date":"2022-06-18T08:39:14","date_gmt":"2022-06-18T12:39:14","guid":{"rendered":"https:\/\/linitiative.ca\/International\/ovins-et-caprins-les-prix-au-meme-niveau-de-la-campagne-precedente\/"},"modified":"2022-06-18T08:39:14","modified_gmt":"2022-06-18T12:39:14","slug":"ovins-et-caprins-les-prix-au-meme-niveau-de-la-campagne-precedente","status":"publish","type":"post","link":"https:\/\/linitiative.ca\/International\/ovins-et-caprins-les-prix-au-meme-niveau-de-la-campagne-precedente\/","title":{"rendered":"Ovins et caprins: les prix au m\u00eame niveau de la campagne pr\u00e9c\u00e9dente"},"content":{"rendered":"<div>\n<div style=\"margin-bottom:20px;\"><img loading=\"lazy\" decoding=\"async\" width=\"750\" height=\"430\" src=\"https:\/\/linitiative.ca\/International\/wp-content\/uploads\/sites\/23\/2022\/06\/moutons-1-copier.jpg\" class=\"attachment-post-thumbnail size-post-thumbnail wp-post-image\" alt=\"\" srcset=\"https:\/\/linitiative.ca\/International\/wp-content\/uploads\/sites\/23\/2022\/06\/moutons-1-copier.jpg 750w, https:\/\/www.mapmarrakech.ma\/map\/uploads\/2021\/07\/moutons-1-copier-300x172.jpg 300w\" sizes=\"auto, (max-width: 750px) 100vw, 750px\"><\/div>\n<p>\u00ab\u00a0La mise en \u0153uvre des mesures de sauvegarde du cheptel dans le cadre du programme de r\u00e9duction de l\u2019impact du d\u00e9ficit pluviom\u00e9trique lanc\u00e9 par Sa Majest\u00e9 Le Roi, Que Dieu L\u2019assiste, au mois de f\u00e9vrier 2022 et l\u2019am\u00e9lioration des ressources pastorales et fourrag\u00e8res depuis le mois de mars ont permis un redressement du march\u00e9 des animaux vivants par rapport \u00e0 la situation d\u2019avant f\u00e9vrier o\u00f9 les prix \u00e9taient particuli\u00e8rement bas\u00a0\u00bb, explique un communiqu\u00e9 du minist\u00e8re.<\/p>\n<p>Pour les bovins d\u2019engraissement, les prix des viandes restent \u00e0 des niveaux moyens habituels soit 62 \u00e0 65 DH\/Kg sortie abattoir, pr\u00e9cise la m\u00eame source.<\/p>\n<p>Quant aux prix des produits avicoles, les \u0153ufs ont connu une baisse de 5 \u00e0 7 % par rapport \u00e0 2020\/2021 alors que les prix du poulet de chair se maintient \u00e0 16 DH\/Kg au stade de gros, conclut le communiqu\u00e9.<\/p>\n<p>The post <a rel=\"nofollow\" href=\"https:\/\/www.mapmarrakech.ma\/fr\/ovins-et-caprins-les-prix-au-meme-niveau-de-la-campagne-agricole-precedente\/\">Ovins et caprins: les prix au m\u00eame niveau de la campagne pr\u00e9c\u00e9dente<\/a> appeared first on <a rel=\"nofollow\" href=\"https:\/\/www.mapmarrakech.ma\/fr\">MapMarrakech<\/a>.<\/p>\n<\/div>\n<p>Auteur: Meriem IGASS<br \/>\n<a href=\"https:\/\/www.mapmarrakech.ma\/fr\/ovins-et-caprins-les-prix-au-meme-niveau-de-la-campagne-agricole-precedente\/\">Cliquez ici pour lire l&rsquo;article depuis sa source.<\/a><\/p>\n","protected":false},"excerpt":{"rendered":"<p>\u00ab\u00a0La mise en \u0153uvre des mesures de sauvegarde du cheptel dans le cadre du programme de r\u00e9duction de l\u2019impact du d\u00e9ficit pluviom\u00e9trique lanc\u00e9 par Sa Majest\u00e9 Le Roi, Que Dieu L\u2019assiste, au mois de f\u00e9vrier 2022 et l\u2019am\u00e9lioration des ressources pastorales et fourrag\u00e8res depuis le mois de mars ont permis un redressement du march\u00e9 des [&hellip;]<\/p>\n","protected":false},"author":1788,"featured_media":0,"comment_status":"closed","ping_status":"closed","sticky":false,"template":"","format":"standard","meta":{"fifu_image_url":"https:\/\/www.mapmarrakech.ma\/map\/uploads\/2021\/07\/moutons-1-copier.jpg","fifu_image_alt":"Ovins et caprins: les prix au m\u00eame niveau de la campagne pr\u00e9c\u00e9dente","footnotes":""},"categories":[54,76],"tags":[],"class_list":["post-150453","post","type-post","status-publish","format-standard","hentry","category-maroc","category-regions"],"_links":{"self":[{"href":"https:\/\/linitiative.ca\/International\/wp-json\/wp\/v2\/posts\/150453","targetHints":{"allow":["GET"]}}],"collection":[{"href":"https:\/\/linitiative.ca\/International\/wp-json\/wp\/v2\/posts"}],"about":[{"href":"https:\/\/linitiative.ca\/International\/wp-json\/wp\/v2\/types\/post"}],"author":[{"embeddable":true,"href":"https:\/\/linitiative.ca\/International\/wp-json\/wp\/v2\/users\/1788"}],"replies":[{"embeddable":true,"href":"https:\/\/linitiative.ca\/International\/wp-json\/wp\/v2\/comments?post=150453"}],"version-history":[{"count":0,"href":"https:\/\/linitiative.ca\/International\/wp-json\/wp\/v2\/posts\/150453\/revisions"}],"wp:attachment":[{"href":"https:\/\/linitiative.ca\/International\/wp-json\/wp\/v2\/media?parent=150453"}],"wp:term":[{"taxonomy":"category","embeddable":true,"href":"https:\/\/linitiative.ca\/International\/wp-json\/wp\/v2\/categories?post=150453"},{"taxonomy":"post_tag","embeddable":true,"href":"https:\/\/linitiative.ca\/International\/wp-json\/wp\/v2\/tags?post=150453"}],"curies":[{"name":"wp","href":"https:\/\/api.w.org\/{rel}","templated":true}]}}