{"id":150463,"date":"2022-06-18T09:22:53","date_gmt":"2022-06-18T13:22:53","guid":{"rendered":"https:\/\/linitiative.ca\/International\/oujda-a-lheure-du-29eme-festival-de-la-musique-gharnati\/"},"modified":"2022-06-18T09:22:53","modified_gmt":"2022-06-18T13:22:53","slug":"oujda-a-lheure-du-29eme-festival-de-la-musique-gharnati","status":"publish","type":"post","link":"https:\/\/linitiative.ca\/International\/oujda-a-lheure-du-29eme-festival-de-la-musique-gharnati\/","title":{"rendered":"Oujda \u00e0 l\u2019heure du 29\u00e8me Festival de la musique Gharnati"},"content":{"rendered":"<div>\n<div style=\"margin-bottom:20px;\"><img loading=\"lazy\" decoding=\"async\" width=\"750\" height=\"430\" src=\"https:\/\/linitiative.ca\/International\/wp-content\/uploads\/sites\/23\/2022\/06\/Gharnati-Musique-Oujda-750C397430-MAP.jpg\" class=\"attachment-post-thumbnail size-post-thumbnail wp-post-image\" alt=\"\" srcset=\"https:\/\/linitiative.ca\/International\/wp-content\/uploads\/sites\/23\/2022\/06\/Gharnati-Musique-Oujda-750C397430-MAP.jpg 750w, https:\/\/www.mapoujda.ma\/map\/uploads\/2022\/06\/Gharnati-Musique-Oujda-750\u00d7430-MAP-300x172.jpg 300w\" sizes=\"auto, (max-width: 750px) 100vw, 750px\"><\/div>\n<p style=\"text-align: justify;\">La 29\u00e8me \u00e9dition du Festival de la musique Gharnati, plac\u00e9 sous le th\u00e8me \u00ab\u00a0La M\u00e9diterran\u00e9e au rythme des chants de Grenade\u00a0\u00bb,\u00a0a d\u00e9marr\u00e9 vendredi soir au Th\u00e9\u00e2tre Mohammed VI d\u2019Oujda.<\/p>\n<p style=\"text-align: justify;\">Ce festival est organis\u00e9, sous le Haut Patronage de SM le Roi Mohammed VI, par le minist\u00e8re de la Jeunesse, de la Culture et de la Communication (d\u00e9partement la Culture), en coop\u00e9ration avec la wilaya de la r\u00e9gion de l\u2019Oriental et d\u2019autres partenaires.<\/p>\n<p style=\"text-align: justify;\">L\u2019organisation de cette manifestation artistique s\u2019inscrit dans le cadre de la strat\u00e9gie du minist\u00e8re visant la pr\u00e9servation du patrimoine artistique national et la pratique artistique au Maroc.<\/p>\n<p style=\"text-align: justify;\">La c\u00e9r\u00e9monie d\u2019ouverture de cette \u00e9dition, tenue en pr\u00e9sence du wali de la r\u00e9gion de l\u2019Oriental, gouverneur de la province d\u2019Oujda-Angad, Mouaad Jamai, et des repr\u00e9sentants du minist\u00e8re, a \u00e9t\u00e9 marqu\u00e9e par les prestations artistiques d\u2019orchestres des deux rives de la M\u00e9diterran\u00e9e, aux c\u00f4t\u00e9s de groupes locaux et des repr\u00e9sentants de l\u2019Institut Cervantes de F\u00e8s.<\/p>\n<p style=\"text-align: justify;\">La premi\u00e8re soir\u00e9e artistique de ce festival s\u2019est distingu\u00e9e aussi par des spectacles pr\u00e9sent\u00e9s par l\u2019orchestre de l\u2019Institut r\u00e9gional de musique et d\u2019art chor\u00e9graphique, de l\u2019orchestre de Rabat de la musique Gharnati et de l\u2019orchestre Essalam des anciens de la musique Gharnati \u00e0 Oujda.<\/p>\n<p style=\"text-align: justify;\">Un hommage a \u00e9t\u00e9 rendu \u00e0 plusieurs figures de cet art, \u00e0 savoir Ahmed Birrou, Mansour Benlarbi et Bahaa Ronda, ainsi qu\u2019\u00e0 des orchestres participant \u00e0 ce festival, en reconnaissance de leurs efforts pour la sauvegarde et la promotion de la musique Gharnati.<\/p>\n<p style=\"text-align: justify;\">Dans une allocution \u00e0 cette occasion, le directeur r\u00e9gional de la Culture \u00e0 l\u2019Oriental, Mountassir El Wakili, a soulign\u00e9 l\u2019importance de c\u00e9l\u00e9brer la musique Gharnati en tant que patrimoine artistique riche et authentique, ajoutant qu\u2019Oujda et d\u2019autres villes m\u00e9diterran\u00e9ennes et maghr\u00e9bines \u0153uvrent pour la p\u00e9rennisation de cet art et sa promotion aupr\u00e8s des jeunes g\u00e9n\u00e9rations.<\/p>\n<p style=\"text-align: justify;\">Il a mis en exergue la participation \u00e0 cette \u00e9dition d\u2019invit\u00e9s de l\u2019Espagne et de la Tunisie, consacrant ainsi la dimension m\u00e9diterran\u00e9enne de cette musique.<\/p>\n<p style=\"text-align: justify;\">Au programme de la 29<sup>\u00e8me<\/sup> \u00e9dition du Festival de la musique Gharnati d\u2019Oujda, figurent des spectacles dans plusieurs espaces de la capitale de l\u2019Oriental, ainsi que des concours de musique et de chant au profit des jeunes et une conf\u00e9rence.<\/p>\n<p>L\u2019article <a rel=\"nofollow\" href=\"https:\/\/www.mapoujda.ma\/fr\/oujda-a-lheure-du-29eme-festival-de-la-musique-gharnati\/\">Oujda \u00e0 l\u2019heure du 29\u00e8me Festival de la musique Gharnati<\/a> est apparu en premier sur <a rel=\"nofollow\" href=\"https:\/\/www.mapoujda.ma\/fr\">MapOujda<\/a>.<\/p>\n<\/div>\n<p>Auteur: Soufiane ELAHMAR<br \/>\n<a href=\"https:\/\/www.mapoujda.ma\/fr\/oujda-a-lheure-du-29eme-festival-de-la-musique-gharnati\/\">Cliquez ici pour lire l&rsquo;article depuis sa source.<\/a><\/p>\n","protected":false},"excerpt":{"rendered":"<p>La 29\u00e8me \u00e9dition du Festival de la musique Gharnati, plac\u00e9 sous le th\u00e8me \u00ab\u00a0La M\u00e9diterran\u00e9e au rythme des chants de Grenade\u00a0\u00bb,\u00a0a d\u00e9marr\u00e9 vendredi soir au Th\u00e9\u00e2tre Mohammed VI d\u2019Oujda. Ce festival est organis\u00e9, sous le Haut Patronage de SM le Roi Mohammed VI, par le minist\u00e8re de la Jeunesse, de la Culture et de la [&hellip;]<\/p>\n","protected":false},"author":1788,"featured_media":0,"comment_status":"closed","ping_status":"closed","sticky":false,"template":"","format":"standard","meta":{"fifu_image_url":"https:\/\/www.mapoujda.ma\/map\/uploads\/2022\/06\/Gharnati-Musique-Oujda-750\u00d7430-MAP.jpg","fifu_image_alt":"Oujda \u00e0 l\u2019heure du 29\u00e8me Festival de la musique Gharnati","footnotes":""},"categories":[54,76],"tags":[],"class_list":["post-150463","post","type-post","status-publish","format-standard","hentry","category-maroc","category-regions"],"_links":{"self":[{"href":"https:\/\/linitiative.ca\/International\/wp-json\/wp\/v2\/posts\/150463","targetHints":{"allow":["GET"]}}],"collection":[{"href":"https:\/\/linitiative.ca\/International\/wp-json\/wp\/v2\/posts"}],"about":[{"href":"https:\/\/linitiative.ca\/International\/wp-json\/wp\/v2\/types\/post"}],"author":[{"embeddable":true,"href":"https:\/\/linitiative.ca\/International\/wp-json\/wp\/v2\/users\/1788"}],"replies":[{"embeddable":true,"href":"https:\/\/linitiative.ca\/International\/wp-json\/wp\/v2\/comments?post=150463"}],"version-history":[{"count":0,"href":"https:\/\/linitiative.ca\/International\/wp-json\/wp\/v2\/posts\/150463\/revisions"}],"wp:attachment":[{"href":"https:\/\/linitiative.ca\/International\/wp-json\/wp\/v2\/media?parent=150463"}],"wp:term":[{"taxonomy":"category","embeddable":true,"href":"https:\/\/linitiative.ca\/International\/wp-json\/wp\/v2\/categories?post=150463"},{"taxonomy":"post_tag","embeddable":true,"href":"https:\/\/linitiative.ca\/International\/wp-json\/wp\/v2\/tags?post=150463"}],"curies":[{"name":"wp","href":"https:\/\/api.w.org\/{rel}","templated":true}]}}