{"id":150469,"date":"2022-06-18T06:19:00","date_gmt":"2022-06-18T10:19:00","guid":{"rendered":"https:\/\/linitiative.ca\/International\/lanecdote-dakim-zedadka-sur-son-numero-de-maillot\/"},"modified":"2022-06-18T06:19:00","modified_gmt":"2022-06-18T10:19:00","slug":"lanecdote-dakim-zedadka-sur-son-numero-de-maillot","status":"publish","type":"post","link":"https:\/\/linitiative.ca\/International\/lanecdote-dakim-zedadka-sur-son-numero-de-maillot\/","title":{"rendered":"L&rsquo;anecdote d&rsquo;Akim Zedadka sur son num\u00e9ro de maillot"},"content":{"rendered":"<div>A l&rsquo;occasion d&rsquo;un entretien accord\u00e9 au site officiel du championnat fran\u00e7ais, Akim Zedadka a livr\u00e9 une dr\u00f4le d\u2019anecdote sur son choix de num\u00e9ro de maillot<\/div>\n<p>Auteur:<br \/>\n<a href=\"https:\/\/www.lebuteur.com\/article\/detail?titre=lanecdote-dakim-zedadka-sur-son-numero-de-maillot&#038;id=103028\">Cliquez ici pour lire l&rsquo;article depuis sa source.<\/a><\/p>\n","protected":false},"excerpt":{"rendered":"<p>A l&rsquo;occasion d&rsquo;un entretien accord\u00e9 au site officiel du championnat fran\u00e7ais, Akim Zedadka a livr\u00e9 une dr\u00f4le d\u2019anecdote sur son choix de num\u00e9ro de maillot Auteur: Cliquez ici pour lire l&rsquo;article depuis sa source.<\/p>\n","protected":false},"author":1738,"featured_media":0,"comment_status":"closed","ping_status":"closed","sticky":false,"template":"","format":"standard","meta":{"fifu_image_url":"","fifu_image_alt":"","footnotes":""},"categories":[53,75],"tags":[],"class_list":["post-150469","post","type-post","status-publish","format-standard","hentry","category-algerie","category-sport"],"_links":{"self":[{"href":"https:\/\/linitiative.ca\/International\/wp-json\/wp\/v2\/posts\/150469","targetHints":{"allow":["GET"]}}],"collection":[{"href":"https:\/\/linitiative.ca\/International\/wp-json\/wp\/v2\/posts"}],"about":[{"href":"https:\/\/linitiative.ca\/International\/wp-json\/wp\/v2\/types\/post"}],"author":[{"embeddable":true,"href":"https:\/\/linitiative.ca\/International\/wp-json\/wp\/v2\/users\/1738"}],"replies":[{"embeddable":true,"href":"https:\/\/linitiative.ca\/International\/wp-json\/wp\/v2\/comments?post=150469"}],"version-history":[{"count":0,"href":"https:\/\/linitiative.ca\/International\/wp-json\/wp\/v2\/posts\/150469\/revisions"}],"wp:attachment":[{"href":"https:\/\/linitiative.ca\/International\/wp-json\/wp\/v2\/media?parent=150469"}],"wp:term":[{"taxonomy":"category","embeddable":true,"href":"https:\/\/linitiative.ca\/International\/wp-json\/wp\/v2\/categories?post=150469"},{"taxonomy":"post_tag","embeddable":true,"href":"https:\/\/linitiative.ca\/International\/wp-json\/wp\/v2\/tags?post=150469"}],"curies":[{"name":"wp","href":"https:\/\/api.w.org\/{rel}","templated":true}]}}