{"id":150474,"date":"2022-06-17T15:24:00","date_gmt":"2022-06-17T19:24:00","guid":{"rendered":"https:\/\/linitiative.ca\/International\/restauration-de-la-mosaique-diane-chasseresse-et-sa-reinstallation-au-siege-de-lunesco-des-precisions-utiles-a-savoir\/"},"modified":"2022-06-17T15:24:00","modified_gmt":"2022-06-17T19:24:00","slug":"restauration-de-la-mosaique-diane-chasseresse-et-sa-reinstallation-au-siege-de-lunesco-des-precisions-utiles-a-savoir","status":"publish","type":"post","link":"https:\/\/linitiative.ca\/International\/restauration-de-la-mosaique-diane-chasseresse-et-sa-reinstallation-au-siege-de-lunesco-des-precisions-utiles-a-savoir\/","title":{"rendered":"Restauration de la mosa\u00efque Diane Chasseresse et sa r\u00e9installation au si\u00e8ge de l\u2019Unesco : des pr\u00e9cisions utiles \u00e0 savoir"},"content":{"rendered":"<div><img decoding=\"async\" src=\"https:\/\/linitiative.ca\/International\/wp-content\/uploads\/sites\/23\/2022\/06\/1655490297_article.jpg\" alt=\"Restauration de la mosa\u00efque Diane Chasseresse et sa r\u00e9installation au si\u00e8ge de l\u2019Unesco : des pr\u00e9cisions utiles \u00e0 savoir\" align=\"left\">Leaders avait annonc\u00e9 que la mosa\u00efque Diane Chasseresse offerte par la Tunisie des mains de Bourguiba, il y a maintenant 50 ans, \u00e0 l\u2019Unesco, a \u00e9t\u00e9 r\u00e9cemment restaur\u00e9e et replac\u00e9e dans son nouvel \u00e9crin au si\u00e8ge de l\u2019Organisation, \u00e0 Paris. Une c\u00e9r\u00e9monie \u00e9tait organis\u00e9e \u00e0 cette occasion, mercredi dernier en pr\u00e9sence de la directrice g\u00e9n\u00e9rale de l\u2019Unesco, Audrey Azoulay et de l\u2019ambassadeur d\u00e9l\u00e9gu\u00e9 permanent de Tunisie aupr\u00e8s de l\u2019Organisation, dont la mission prenait fin justement ce jour-l\u00e0. Les d\u00e9tails pr\u00e9cis de cette op\u00e9ration avaient \u00e9chapp\u00e9 \u00e0 la connaissance du r\u00e9dacteur de l\u2019article. Ils viennent de nous \u00eatre livr\u00e9s par une source proche du &#8230;<\/p>\n<\/div>\n<p>Auteur:<br \/>\n<a href=\"https:\/\/www.leaders.com.tn\/article\/33499-restauration-de-la-mosaique-diane-chasseresse-et-sa-reinstallation-au-siege-de-l-unesco-des-precisions-utiles-a-savoir\">Cliquez ici pour lire l&rsquo;article depuis sa source.<\/a><\/p>\n","protected":false},"excerpt":{"rendered":"<p>Leaders avait annonc\u00e9 que la mosa\u00efque Diane Chasseresse offerte par la Tunisie des mains de Bourguiba, il y a maintenant 50 ans, \u00e0 l\u2019Unesco, a \u00e9t\u00e9 r\u00e9cemment restaur\u00e9e et replac\u00e9e dans son nouvel \u00e9crin au si\u00e8ge de l\u2019Organisation, \u00e0 Paris. Une c\u00e9r\u00e9monie \u00e9tait organis\u00e9e \u00e0 cette occasion, mercredi dernier en pr\u00e9sence de la directrice g\u00e9n\u00e9rale [&hellip;]<\/p>\n","protected":false},"author":1772,"featured_media":0,"comment_status":"closed","ping_status":"closed","sticky":false,"template":"","format":"standard","meta":{"fifu_image_url":"http:\/\/www.leaders.com.tn\/uploads\/content\/thumbnails_small\/1655490297_article.jpg","fifu_image_alt":"Restauration de la mosa\u00efque Diane Chasseresse et sa r\u00e9installation au si\u00e8ge de l\u2019Unesco : des pr\u00e9cisions utiles \u00e0 savoir","footnotes":""},"categories":[73,55],"tags":[],"class_list":["post-150474","post","type-post","status-publish","format-standard","hentry","category-actualite","category-tunisie"],"_links":{"self":[{"href":"https:\/\/linitiative.ca\/International\/wp-json\/wp\/v2\/posts\/150474","targetHints":{"allow":["GET"]}}],"collection":[{"href":"https:\/\/linitiative.ca\/International\/wp-json\/wp\/v2\/posts"}],"about":[{"href":"https:\/\/linitiative.ca\/International\/wp-json\/wp\/v2\/types\/post"}],"author":[{"embeddable":true,"href":"https:\/\/linitiative.ca\/International\/wp-json\/wp\/v2\/users\/1772"}],"replies":[{"embeddable":true,"href":"https:\/\/linitiative.ca\/International\/wp-json\/wp\/v2\/comments?post=150474"}],"version-history":[{"count":0,"href":"https:\/\/linitiative.ca\/International\/wp-json\/wp\/v2\/posts\/150474\/revisions"}],"wp:attachment":[{"href":"https:\/\/linitiative.ca\/International\/wp-json\/wp\/v2\/media?parent=150474"}],"wp:term":[{"taxonomy":"category","embeddable":true,"href":"https:\/\/linitiative.ca\/International\/wp-json\/wp\/v2\/categories?post=150474"},{"taxonomy":"post_tag","embeddable":true,"href":"https:\/\/linitiative.ca\/International\/wp-json\/wp\/v2\/tags?post=150474"}],"curies":[{"name":"wp","href":"https:\/\/api.w.org\/{rel}","templated":true}]}}