{"id":150476,"date":"2022-06-18T04:00:00","date_gmt":"2022-06-18T08:00:00","guid":{"rendered":"https:\/\/linitiative.ca\/International\/de-kaboul-a-kiev-pour-un-nouvel-ordre-mondial-acte-ii-bagdad-ou-le-mensonge-organise\/"},"modified":"2022-06-18T04:00:00","modified_gmt":"2022-06-18T08:00:00","slug":"de-kaboul-a-kiev-pour-un-nouvel-ordre-mondial-acte-ii-bagdad-ou-le-mensonge-organise","status":"publish","type":"post","link":"https:\/\/linitiative.ca\/International\/de-kaboul-a-kiev-pour-un-nouvel-ordre-mondial-acte-ii-bagdad-ou-le-mensonge-organise\/","title":{"rendered":"De Kaboul \u00e0 Kiev, pour un nouvel ordre mondial: Acte II, Bagdad ou le mensonge organis\u00e9"},"content":{"rendered":"<div><img decoding=\"async\" src=\"https:\/\/linitiative.ca\/International\/wp-content\/uploads\/sites\/23\/2022\/06\/1655505584_article.jpg\" alt=\"De Kaboul \u00e0 Kiev, pour un nouvel ordre mondial: Acte II, Bagdad ou le mensonge organis\u00e9\" align=\"left\">Par Abdelaziz Kacem &#8211; Il m\u2019a \u00e9t\u00e9 donn\u00e9 d\u2019expliquer, lors d\u2019une tourn\u00e9e de conf\u00e9rences, en Europe, comment, dans les ann\u00e9es quatre-vingt du si\u00e8cle pass\u00e9, l\u2019Administration am\u00e9ricaine a magistralement provoqu\u00e9 et aliment\u00e9 deux guerres absurdes et contradictoires : dans l\u2019une, en Afghanistan, elle a l\u00e2ch\u00e9 une formidable meute de fanatiques bien dress\u00e9s contre une grande puissance ath\u00e9e (la Russie sovi\u00e9tique), dans l\u2019autre, elle a dress\u00e9 un r\u00e9gime la\u00efque (l\u2019Irak) contre un r\u00e9gime th\u00e9ocratique (l\u2019Iran).<br \/>\nLes relations entre Saddam Hussein et Khomeiny \u00e9taient notoirement mauvaises. Le premier, suite \u00e0 un accord parrain\u00e9 par Alger, avec le Chah, avait &#8230;<\/p>\n<\/div>\n<p>Auteur:<br \/>\n<a href=\"https:\/\/www.leaders.com.tn\/article\/33500-de-kaboul-a-kiev-pour-un-nouvel-ordre-mondial-acte-ii-bagdad-ou-le-mensonge-organise\">Cliquez ici pour lire l&rsquo;article depuis sa source.<\/a><\/p>\n","protected":false},"excerpt":{"rendered":"<p>Par Abdelaziz Kacem &#8211; Il m\u2019a \u00e9t\u00e9 donn\u00e9 d\u2019expliquer, lors d\u2019une tourn\u00e9e de conf\u00e9rences, en Europe, comment, dans les ann\u00e9es quatre-vingt du si\u00e8cle pass\u00e9, l\u2019Administration am\u00e9ricaine a magistralement provoqu\u00e9 et aliment\u00e9 deux guerres absurdes et contradictoires : dans l\u2019une, en Afghanistan, elle a l\u00e2ch\u00e9 une formidable meute de fanatiques bien dress\u00e9s contre une grande puissance [&hellip;]<\/p>\n","protected":false},"author":1772,"featured_media":0,"comment_status":"closed","ping_status":"closed","sticky":false,"template":"","format":"standard","meta":{"fifu_image_url":"http:\/\/www.leaders.com.tn\/uploads\/content\/thumbnails_small\/1655505584_article.jpg","fifu_image_alt":"De Kaboul \u00e0 Kiev, pour un nouvel ordre mondial: Acte II, Bagdad ou le mensonge organis\u00e9","footnotes":""},"categories":[73,55],"tags":[],"class_list":["post-150476","post","type-post","status-publish","format-standard","hentry","category-actualite","category-tunisie"],"_links":{"self":[{"href":"https:\/\/linitiative.ca\/International\/wp-json\/wp\/v2\/posts\/150476","targetHints":{"allow":["GET"]}}],"collection":[{"href":"https:\/\/linitiative.ca\/International\/wp-json\/wp\/v2\/posts"}],"about":[{"href":"https:\/\/linitiative.ca\/International\/wp-json\/wp\/v2\/types\/post"}],"author":[{"embeddable":true,"href":"https:\/\/linitiative.ca\/International\/wp-json\/wp\/v2\/users\/1772"}],"replies":[{"embeddable":true,"href":"https:\/\/linitiative.ca\/International\/wp-json\/wp\/v2\/comments?post=150476"}],"version-history":[{"count":0,"href":"https:\/\/linitiative.ca\/International\/wp-json\/wp\/v2\/posts\/150476\/revisions"}],"wp:attachment":[{"href":"https:\/\/linitiative.ca\/International\/wp-json\/wp\/v2\/media?parent=150476"}],"wp:term":[{"taxonomy":"category","embeddable":true,"href":"https:\/\/linitiative.ca\/International\/wp-json\/wp\/v2\/categories?post=150476"},{"taxonomy":"post_tag","embeddable":true,"href":"https:\/\/linitiative.ca\/International\/wp-json\/wp\/v2\/tags?post=150476"}],"curies":[{"name":"wp","href":"https:\/\/api.w.org\/{rel}","templated":true}]}}