{"id":150478,"date":"2022-06-18T07:05:31","date_gmt":"2022-06-18T11:05:31","guid":{"rendered":"https:\/\/linitiative.ca\/International\/la-douane-sexplique-sur-limposition-des-achats-via-des-plateformes-electroniques-etrangeres\/"},"modified":"2022-06-18T07:05:31","modified_gmt":"2022-06-18T11:05:31","slug":"la-douane-sexplique-sur-limposition-des-achats-via-des-plateformes-electroniques-etrangeres","status":"publish","type":"post","link":"https:\/\/linitiative.ca\/International\/la-douane-sexplique-sur-limposition-des-achats-via-des-plateformes-electroniques-etrangeres\/","title":{"rendered":"La Douane s\u2019explique sur l\u2019imposition des achats via des plateformes \u00e9lectroniques \u00e9trang\u00e8res"},"content":{"rendered":"<div><img decoding=\"async\" width=\"800\" height=\"400\" src=\"https:\/\/linitiative.ca\/International\/wp-content\/uploads\/sites\/23\/2022\/06\/e-commerce.jpg\" class=\"attachment-post-thumbnail size-post-thumbnail wp-post-image\" alt=\"\" loading=\"lazy\" srcset=\"https:\/\/linitiative.ca\/International\/wp-content\/uploads\/sites\/23\/2022\/06\/e-commerce.jpg 800w, https:\/\/www.challenge.ma\/wp-content\/uploads\/2017\/06\/e-commerce-300x150.jpg 300w, https:\/\/www.challenge.ma\/wp-content\/uploads\/2017\/06\/e-commerce-360x180.jpg 360w, https:\/\/www.challenge.ma\/wp-content\/uploads\/2017\/06\/e-commerce-750x375.jpg 750w\" sizes=\"auto, (max-width: 800px) 100vw, 800px\" itemprop=\"image\">Le Conseil de gouvernement a approuv\u00e9 ce jeudi le d\u00e9cret n\u00b0 2.22.438 aux transactions r\u00e9alis\u00e9es via des plateformes \u00e9lectroniques, \u00e0 travers la modification des dispositions de l\u2019article 190 (e\/2\u00b0) du d\u00e9cret n\u00b0 2.77.862, dans le but d\u2019exclure explicitement ces transactions de l\u2019exon\u00e9ration des droits de douane \u00e0 l\u2019importation, quelle que<\/div>\n<p>Auteur: Mehdi Ouazzani<br \/>\n<a href=\"https:\/\/www.challenge.ma\/la-douane-se-prononce-sur-limposition-des-achats-via-des-plateformes-electroniques-etrangeres-240947\/\">Cliquez ici pour lire l&rsquo;article depuis sa source.<\/a><\/p>\n","protected":false},"excerpt":{"rendered":"<p>Le Conseil de gouvernement a approuv\u00e9 ce jeudi le d\u00e9cret n\u00b0 2.22.438 aux transactions r\u00e9alis\u00e9es via des plateformes \u00e9lectroniques, \u00e0 travers la modification des dispositions de l\u2019article 190 (e\/2\u00b0) du d\u00e9cret n\u00b0 2.77.862, dans le but d\u2019exclure explicitement ces transactions de l\u2019exon\u00e9ration des droits de douane \u00e0 l\u2019importation, quelle que Auteur: Mehdi Ouazzani Cliquez ici [&hellip;]<\/p>\n","protected":false},"author":1787,"featured_media":0,"comment_status":"closed","ping_status":"closed","sticky":false,"template":"","format":"standard","meta":{"fifu_image_url":"https:\/\/www.challenge.ma\/wp-content\/uploads\/2017\/06\/e-commerce.jpg","fifu_image_alt":"La Douane s\u2019explique sur l\u2019imposition des achats via des plateformes \u00e9lectroniques \u00e9trang\u00e8res","footnotes":""},"categories":[78,54],"tags":[],"class_list":["post-150478","post","type-post","status-publish","format-standard","hentry","category-economie","category-maroc"],"_links":{"self":[{"href":"https:\/\/linitiative.ca\/International\/wp-json\/wp\/v2\/posts\/150478","targetHints":{"allow":["GET"]}}],"collection":[{"href":"https:\/\/linitiative.ca\/International\/wp-json\/wp\/v2\/posts"}],"about":[{"href":"https:\/\/linitiative.ca\/International\/wp-json\/wp\/v2\/types\/post"}],"author":[{"embeddable":true,"href":"https:\/\/linitiative.ca\/International\/wp-json\/wp\/v2\/users\/1787"}],"replies":[{"embeddable":true,"href":"https:\/\/linitiative.ca\/International\/wp-json\/wp\/v2\/comments?post=150478"}],"version-history":[{"count":0,"href":"https:\/\/linitiative.ca\/International\/wp-json\/wp\/v2\/posts\/150478\/revisions"}],"wp:attachment":[{"href":"https:\/\/linitiative.ca\/International\/wp-json\/wp\/v2\/media?parent=150478"}],"wp:term":[{"taxonomy":"category","embeddable":true,"href":"https:\/\/linitiative.ca\/International\/wp-json\/wp\/v2\/categories?post=150478"},{"taxonomy":"post_tag","embeddable":true,"href":"https:\/\/linitiative.ca\/International\/wp-json\/wp\/v2\/tags?post=150478"}],"curies":[{"name":"wp","href":"https:\/\/api.w.org\/{rel}","templated":true}]}}