{"id":150480,"date":"2022-06-18T13:53:56","date_gmt":"2022-06-18T17:53:56","guid":{"rendered":"https:\/\/linitiative.ca\/International\/le-gouverneur-de-sfax-il-est-temps-pour-un-stade-digne-de-la-region\/"},"modified":"2022-06-18T13:53:56","modified_gmt":"2022-06-18T17:53:56","slug":"le-gouverneur-de-sfax-il-est-temps-pour-un-stade-digne-de-la-region","status":"publish","type":"post","link":"https:\/\/linitiative.ca\/International\/le-gouverneur-de-sfax-il-est-temps-pour-un-stade-digne-de-la-region\/","title":{"rendered":"Le gouverneur de Sfax : il est temps pour un stade digne de la r\u00e9gion"},"content":{"rendered":"<div>\n<p>Le gouverneur de Sfax Fakher Fakhfak a exprim\u00e9 les voeux des sfaxiens et leurs aspirations l\u00e9gitimes pour voir la r\u00e9gion se doter d\u2019un stade digne de la grandeur de Sfax et son v\u00e9cu footballistique. C\u2019\u00e9tait \u00e0 l\u2019occasion de l\u2019ouverture de la 56 \u00e8me session de la foire internationale de Sfax. Il a -par l\u2019occasion-\u00a0 refl\u00e9t\u00e9 [\u2026]<\/p>\n<p>L\u2019article <a href=\"https:\/\/www.tunisienumerique.com\/le-gouverneur-de-sfax-il-est-temps-pour-un-stade-digne-de-la-region\/\">Le gouverneur de Sfax : il est temps pour un stade digne de la r\u00e9gion<\/a> est apparu en premier sur <a href=\"https:\/\/www.tunisienumerique.com\/\">Tunisie<\/a>.<\/p>\n<\/div>\n<p>Auteur: Hafedh Trabelsi<br \/>\n<a href=\"https:\/\/www.tunisienumerique.com\/le-gouverneur-de-sfax-il-est-temps-pour-un-stade-digne-de-la-region\/\">Cliquez ici pour lire l&rsquo;article depuis sa source.<\/a><\/p>\n","protected":false},"excerpt":{"rendered":"<p>Le gouverneur de Sfax Fakher Fakhfak a exprim\u00e9 les voeux des sfaxiens et leurs aspirations l\u00e9gitimes pour voir la r\u00e9gion se doter d\u2019un stade digne de la grandeur de Sfax et son v\u00e9cu footballistique. C\u2019\u00e9tait \u00e0 l\u2019occasion de l\u2019ouverture de la 56 \u00e8me session de la foire internationale de Sfax. Il a -par l\u2019occasion-\u00a0 refl\u00e9t\u00e9 [&hellip;]<\/p>\n","protected":false},"author":1789,"featured_media":0,"comment_status":"closed","ping_status":"closed","sticky":false,"template":"","format":"standard","meta":{"fifu_image_url":"","fifu_image_alt":"","footnotes":""},"categories":[73,55],"tags":[],"class_list":["post-150480","post","type-post","status-publish","format-standard","hentry","category-actualite","category-tunisie"],"_links":{"self":[{"href":"https:\/\/linitiative.ca\/International\/wp-json\/wp\/v2\/posts\/150480","targetHints":{"allow":["GET"]}}],"collection":[{"href":"https:\/\/linitiative.ca\/International\/wp-json\/wp\/v2\/posts"}],"about":[{"href":"https:\/\/linitiative.ca\/International\/wp-json\/wp\/v2\/types\/post"}],"author":[{"embeddable":true,"href":"https:\/\/linitiative.ca\/International\/wp-json\/wp\/v2\/users\/1789"}],"replies":[{"embeddable":true,"href":"https:\/\/linitiative.ca\/International\/wp-json\/wp\/v2\/comments?post=150480"}],"version-history":[{"count":0,"href":"https:\/\/linitiative.ca\/International\/wp-json\/wp\/v2\/posts\/150480\/revisions"}],"wp:attachment":[{"href":"https:\/\/linitiative.ca\/International\/wp-json\/wp\/v2\/media?parent=150480"}],"wp:term":[{"taxonomy":"category","embeddable":true,"href":"https:\/\/linitiative.ca\/International\/wp-json\/wp\/v2\/categories?post=150480"},{"taxonomy":"post_tag","embeddable":true,"href":"https:\/\/linitiative.ca\/International\/wp-json\/wp\/v2\/tags?post=150480"}],"curies":[{"name":"wp","href":"https:\/\/api.w.org\/{rel}","templated":true}]}}