{"id":150483,"date":"2022-06-18T14:22:31","date_gmt":"2022-06-18T18:22:31","guid":{"rendered":"https:\/\/linitiative.ca\/International\/greve-des-magistrats-une-semaine-de-plus\/"},"modified":"2022-06-18T14:22:31","modified_gmt":"2022-06-18T18:22:31","slug":"greve-des-magistrats-une-semaine-de-plus","status":"publish","type":"post","link":"https:\/\/linitiative.ca\/International\/greve-des-magistrats-une-semaine-de-plus\/","title":{"rendered":"Gr\u00e8ve des magistrats : une semaine de plus"},"content":{"rendered":"<div>\n<p>\u00a0Lors de la r\u00e9union de la coordination des structures juridiques tenue aujourd\u2019hui, il a \u00e9t\u00e9 d\u00e9cid\u00e9 de poursuivre la suspension des activit\u00e9s pour la semaine prochaine et cela s\u2019appliquera pour les diff\u00e9rentes structures . Une journ\u00e9e de col\u00e8re est programm\u00e9e et \u00e0 laquelle seront appel\u00e9s tous les magistrats dans le cadre d\u2019un meeting<\/p>\n<p>L\u2019article <a href=\"https:\/\/www.tunisienumerique.com\/greve-des-magistrats-une-semaine-de-plus\/\">Gr\u00e8ve des magistrats : une semaine de plus<\/a> est apparu en premier sur <a href=\"https:\/\/www.tunisienumerique.com\/\">Tunisie<\/a>.<\/p>\n<\/div>\n<p>Auteur: Hafedh Trabelsi<br \/>\n<a href=\"https:\/\/www.tunisienumerique.com\/greve-des-magistrats-une-semaine-de-plus\/\">Cliquez ici pour lire l&rsquo;article depuis sa source.<\/a><\/p>\n","protected":false},"excerpt":{"rendered":"<p>\u00a0Lors de la r\u00e9union de la coordination des structures juridiques tenue aujourd\u2019hui, il a \u00e9t\u00e9 d\u00e9cid\u00e9 de poursuivre la suspension des activit\u00e9s pour la semaine prochaine et cela s\u2019appliquera pour les diff\u00e9rentes structures . Une journ\u00e9e de col\u00e8re est programm\u00e9e et \u00e0 laquelle seront appel\u00e9s tous les magistrats dans le cadre d\u2019un meeting L\u2019article Gr\u00e8ve [&hellip;]<\/p>\n","protected":false},"author":1789,"featured_media":0,"comment_status":"closed","ping_status":"closed","sticky":false,"template":"","format":"standard","meta":{"fifu_image_url":"","fifu_image_alt":"","footnotes":""},"categories":[73,55],"tags":[],"class_list":["post-150483","post","type-post","status-publish","format-standard","hentry","category-actualite","category-tunisie"],"_links":{"self":[{"href":"https:\/\/linitiative.ca\/International\/wp-json\/wp\/v2\/posts\/150483","targetHints":{"allow":["GET"]}}],"collection":[{"href":"https:\/\/linitiative.ca\/International\/wp-json\/wp\/v2\/posts"}],"about":[{"href":"https:\/\/linitiative.ca\/International\/wp-json\/wp\/v2\/types\/post"}],"author":[{"embeddable":true,"href":"https:\/\/linitiative.ca\/International\/wp-json\/wp\/v2\/users\/1789"}],"replies":[{"embeddable":true,"href":"https:\/\/linitiative.ca\/International\/wp-json\/wp\/v2\/comments?post=150483"}],"version-history":[{"count":0,"href":"https:\/\/linitiative.ca\/International\/wp-json\/wp\/v2\/posts\/150483\/revisions"}],"wp:attachment":[{"href":"https:\/\/linitiative.ca\/International\/wp-json\/wp\/v2\/media?parent=150483"}],"wp:term":[{"taxonomy":"category","embeddable":true,"href":"https:\/\/linitiative.ca\/International\/wp-json\/wp\/v2\/categories?post=150483"},{"taxonomy":"post_tag","embeddable":true,"href":"https:\/\/linitiative.ca\/International\/wp-json\/wp\/v2\/tags?post=150483"}],"curies":[{"name":"wp","href":"https:\/\/api.w.org\/{rel}","templated":true}]}}