{"id":150485,"date":"2022-06-18T08:49:47","date_gmt":"2022-06-18T12:49:47","guid":{"rendered":"https:\/\/linitiative.ca\/International\/remise-de-vivres-de-la-cedeao-au-burkina-le-gouvernement-fait-une-mise-au-point\/"},"modified":"2022-06-18T08:49:47","modified_gmt":"2022-06-18T12:49:47","slug":"remise-de-vivres-de-la-cedeao-au-burkina-le-gouvernement-fait-une-mise-au-point","status":"publish","type":"post","link":"https:\/\/linitiative.ca\/International\/remise-de-vivres-de-la-cedeao-au-burkina-le-gouvernement-fait-une-mise-au-point\/","title":{"rendered":"Remise de vivres de la CEDEAO au Burkina\u00a0: Le gouvernement fait une mise au point."},"content":{"rendered":"<div>\n<p><strong>Le gouvernement burkinab\u00e8 a emprunt\u00e9 des vivres \u00e0 la CEDEAO remboursable en mars 2023. <\/strong>Le Burkina a re\u00e7u officiellement le vendredi 17 juin 2022 ce pr\u00eat en vivres estime \u00e0 environ 6 500 tonnes pour un besoin exprime de 10 000 tonnes. <strong>Cette demande du gouvernement burkinab\u00e8 a fait r\u00e9agir plus d\u2019un. C\u2019est pourquoi, dans un communiqu\u00e9 datant de ce samedi 18 juin 2022, le gouvernement a fait des mises au point suite \u00e0 ces vives pol\u00e9miques. <\/strong><\/p>\n<p><strong>Sidwaya.info<\/strong><\/p>\n<p><img decoding=\"async\" data-attachment-id=\"51125\" data-permalink=\"https:\/\/www.sidwaya.info\/blog\/2022\/06\/18\/remise-de-vivres-de-la-cedeao-au-burkina-le-gouvernement-fait-une-mise-au-point\/mise-au-point\/\" data-orig-file=\"https:\/\/www.sidwaya.info\/wp-content\/uploads\/2022\/06\/Mise-au-point.jpg\" data-orig-size=\"800,1166\" data-comments-opened=\"1\" data-image-meta='{\"aperture\":\"0\",\"credit\":\"\",\"camera\":\"\",\"caption\":\"\",\"created_timestamp\":\"0\",\"copyright\":\"\",\"focal_length\":\"0\",\"iso\":\"0\",\"shutter_speed\":\"0\",\"title\":\"\",\"orientation\":\"0\"}' data-image-title=\"Mise au point\" data-image-description=\"\" data-image-caption=\"\" data-medium-file=\"https:\/\/www.sidwaya.info\/wp-content\/uploads\/2022\/06\/Mise-au-point-206x300.jpg\" data-large-file=\"https:\/\/linitiative.ca\/International\/wp-content\/uploads\/sites\/23\/2022\/06\/Mise-au-point-703x1024-1.jpg\" loading=\"lazy\" class=\"alignnone size-large wp-image-51125\" src=\"https:\/\/linitiative.ca\/International\/wp-content\/uploads\/sites\/23\/2022\/06\/Mise-au-point-703x1024-1.jpg\" alt=\"\" width=\"696\" height=\"1014\" srcset=\"https:\/\/linitiative.ca\/International\/wp-content\/uploads\/sites\/23\/2022\/06\/Mise-au-point-703x1024-1.jpg 703w, https:\/\/www.sidwaya.info\/wp-content\/uploads\/2022\/06\/Mise-au-point-206x300.jpg 206w, https:\/\/www.sidwaya.info\/wp-content\/uploads\/2022\/06\/Mise-au-point-768x1119.jpg 768w, https:\/\/www.sidwaya.info\/wp-content\/uploads\/2022\/06\/Mise-au-point-150x219.jpg 150w, https:\/\/www.sidwaya.info\/wp-content\/uploads\/2022\/06\/Mise-au-point-300x437.jpg 300w, https:\/\/www.sidwaya.info\/wp-content\/uploads\/2022\/06\/Mise-au-point-696x1014.jpg 696w, https:\/\/www.sidwaya.info\/wp-content\/uploads\/2022\/06\/Mise-au-point-288x420.jpg 288w, https:\/\/www.sidwaya.info\/wp-content\/uploads\/2022\/06\/Mise-au-point.jpg 800w\" sizes=\"auto, (max-width: 696px) 100vw, 696px\"><\/p>\n<\/div>\n<p>Auteur: Wamini SIDWAYA<br \/>\n<a href=\"https:\/\/www.sidwaya.info\/blog\/2022\/06\/18\/remise-de-vivres-de-la-cedeao-au-burkina-le-gouvernement-fait-une-mise-au-point\/\">Cliquez ici pour lire l&rsquo;article depuis sa source.<\/a><\/p>\n","protected":false},"excerpt":{"rendered":"<p>Le gouvernement burkinab\u00e8 a emprunt\u00e9 des vivres \u00e0 la CEDEAO remboursable en mars 2023. Le Burkina a re\u00e7u officiellement le vendredi 17 juin 2022 ce pr\u00eat en vivres estime \u00e0 environ 6 500 tonnes pour un besoin exprime de 10 000 tonnes. Cette demande du gouvernement burkinab\u00e8 a fait r\u00e9agir plus d\u2019un. C\u2019est pourquoi, dans [&hellip;]<\/p>\n","protected":false},"author":1816,"featured_media":0,"comment_status":"closed","ping_status":"closed","sticky":false,"template":"","format":"standard","meta":{"fifu_image_url":"https:\/\/www.sidwaya.info\/wp-content\/uploads\/2022\/06\/Mise-au-point-703x1024.jpg","fifu_image_alt":"Remise de vivres de la CEDEAO au Burkina\u00a0: Le gouvernement fait une mise au point.","footnotes":""},"categories":[73,81],"tags":[],"class_list":["post-150485","post","type-post","status-publish","format-standard","hentry","category-actualite","category-burkina-faso"],"_links":{"self":[{"href":"https:\/\/linitiative.ca\/International\/wp-json\/wp\/v2\/posts\/150485","targetHints":{"allow":["GET"]}}],"collection":[{"href":"https:\/\/linitiative.ca\/International\/wp-json\/wp\/v2\/posts"}],"about":[{"href":"https:\/\/linitiative.ca\/International\/wp-json\/wp\/v2\/types\/post"}],"author":[{"embeddable":true,"href":"https:\/\/linitiative.ca\/International\/wp-json\/wp\/v2\/users\/1816"}],"replies":[{"embeddable":true,"href":"https:\/\/linitiative.ca\/International\/wp-json\/wp\/v2\/comments?post=150485"}],"version-history":[{"count":0,"href":"https:\/\/linitiative.ca\/International\/wp-json\/wp\/v2\/posts\/150485\/revisions"}],"wp:attachment":[{"href":"https:\/\/linitiative.ca\/International\/wp-json\/wp\/v2\/media?parent=150485"}],"wp:term":[{"taxonomy":"category","embeddable":true,"href":"https:\/\/linitiative.ca\/International\/wp-json\/wp\/v2\/categories?post=150485"},{"taxonomy":"post_tag","embeddable":true,"href":"https:\/\/linitiative.ca\/International\/wp-json\/wp\/v2\/tags?post=150485"}],"curies":[{"name":"wp","href":"https:\/\/api.w.org\/{rel}","templated":true}]}}