{"id":150488,"date":"2022-06-18T10:27:29","date_gmt":"2022-06-18T14:27:29","guid":{"rendered":"https:\/\/linitiative.ca\/International\/burkina-el-hadji-moussa-kouanda-investi-president-de-la-communaute-musulmane-ce-samedi\/"},"modified":"2022-06-18T10:27:29","modified_gmt":"2022-06-18T14:27:29","slug":"burkina-el-hadji-moussa-kouanda-investi-president-de-la-communaute-musulmane-ce-samedi","status":"publish","type":"post","link":"https:\/\/linitiative.ca\/International\/burkina-el-hadji-moussa-kouanda-investi-president-de-la-communaute-musulmane-ce-samedi\/","title":{"rendered":"Burkina : El Hadji Moussa Kouanda investi pr\u00e9sident de la communaut\u00e9 musulmane ce samedi"},"content":{"rendered":"<div>\n<p>El Hadji Moussa Kouanda a \u00e9t\u00e9 investi ce samedi 18 juin 2022 pr\u00e9sident de la communaut\u00e9 musulmane. Investi par 13 imams des 13 r\u00e9gions du Burkina Faso pour un mandat de 5 ans, il entend \u0153uvrer pour restaurer la coh\u00e9sion et l\u2019entente au sein de la communaut\u00e9 musulmane. <strong>Il remplace \u00e0 ce poste, El Hadj Abdramane Sana \u00e0 l\u2019issu du<\/strong> 13e congr\u00e8s extraordinaire de la communaut\u00e9 musulmane du 22 au 24 octobre 2021 \u00e0 Ouagadougou,<\/p>\n<p><strong>Sidwaya.info<\/strong><\/p>\n<\/div>\n<p>Auteur: Wamini SIDWAYA<br \/>\n<a href=\"https:\/\/www.sidwaya.info\/blog\/2022\/06\/18\/burkina-el-hadji-moussa-kouanda-investi-president-de-la-communaute-musulmane-ce-samedi\/\">Cliquez ici pour lire l&rsquo;article depuis sa source.<\/a><\/p>\n","protected":false},"excerpt":{"rendered":"<p>El Hadji Moussa Kouanda a \u00e9t\u00e9 investi ce samedi 18 juin 2022 pr\u00e9sident de la communaut\u00e9 musulmane. Investi par 13 imams des 13 r\u00e9gions du Burkina Faso pour un mandat de 5 ans, il entend \u0153uvrer pour restaurer la coh\u00e9sion et l\u2019entente au sein de la communaut\u00e9 musulmane. Il remplace \u00e0 ce poste, El Hadj [&hellip;]<\/p>\n","protected":false},"author":1816,"featured_media":0,"comment_status":"closed","ping_status":"closed","sticky":false,"template":"","format":"standard","meta":{"fifu_image_url":"","fifu_image_alt":"","footnotes":""},"categories":[73,81],"tags":[],"class_list":["post-150488","post","type-post","status-publish","format-standard","hentry","category-actualite","category-burkina-faso"],"_links":{"self":[{"href":"https:\/\/linitiative.ca\/International\/wp-json\/wp\/v2\/posts\/150488","targetHints":{"allow":["GET"]}}],"collection":[{"href":"https:\/\/linitiative.ca\/International\/wp-json\/wp\/v2\/posts"}],"about":[{"href":"https:\/\/linitiative.ca\/International\/wp-json\/wp\/v2\/types\/post"}],"author":[{"embeddable":true,"href":"https:\/\/linitiative.ca\/International\/wp-json\/wp\/v2\/users\/1816"}],"replies":[{"embeddable":true,"href":"https:\/\/linitiative.ca\/International\/wp-json\/wp\/v2\/comments?post=150488"}],"version-history":[{"count":0,"href":"https:\/\/linitiative.ca\/International\/wp-json\/wp\/v2\/posts\/150488\/revisions"}],"wp:attachment":[{"href":"https:\/\/linitiative.ca\/International\/wp-json\/wp\/v2\/media?parent=150488"}],"wp:term":[{"taxonomy":"category","embeddable":true,"href":"https:\/\/linitiative.ca\/International\/wp-json\/wp\/v2\/categories?post=150488"},{"taxonomy":"post_tag","embeddable":true,"href":"https:\/\/linitiative.ca\/International\/wp-json\/wp\/v2\/tags?post=150488"}],"curies":[{"name":"wp","href":"https:\/\/api.w.org\/{rel}","templated":true}]}}