{"id":150489,"date":"2022-06-18T06:18:04","date_gmt":"2022-06-18T10:18:04","guid":{"rendered":"https:\/\/linitiative.ca\/International\/il-ny-a-pas-de-penurie-alimentaire-au-ghana-ministre\/"},"modified":"2022-06-18T06:18:04","modified_gmt":"2022-06-18T10:18:04","slug":"il-ny-a-pas-de-penurie-alimentaire-au-ghana-ministre","status":"publish","type":"post","link":"https:\/\/linitiative.ca\/International\/il-ny-a-pas-de-penurie-alimentaire-au-ghana-ministre\/","title":{"rendered":"\u00ab Il n\u2019y a pas de p\u00e9nurie alimentaire au Ghana \u00bb (ministre)"},"content":{"rendered":"<div>\n<p><img decoding=\"async\" width=\"750\" height=\"457\" src=\"https:\/\/linitiative.ca\/International\/wp-content\/uploads\/sites\/23\/2022\/06\/16555474853995.jpg\" class=\"attachment-post-thumbnail size-post-thumbnail wp-post-image\" alt=\"\" loading=\"lazy\" srcset=\"https:\/\/linitiative.ca\/International\/wp-content\/uploads\/sites\/23\/2022\/06\/16555474853995.jpg 750w, https:\/\/www.journalducameroun.com\/wp-content\/uploads\/2022\/06\/16555474853995-300x183.jpg 300w, https:\/\/www.journalducameroun.com\/wp-content\/uploads\/2022\/06\/16555474853995-722x440.jpg 722w, https:\/\/www.journalducameroun.com\/wp-content\/uploads\/2022\/06\/16555474853995-600x366.jpg 600w\" sizes=\"auto, (max-width: 750px) 100vw, 750px\"><\/p>\n<p>Le vice-ministre ghan\u00e9en de l&rsquo;Alimentation et de l&rsquo;Agriculture a qualifi\u00e9 de fausses les les informations selon lesquelles il y aurait une p\u00e9nurie alimentaire dans le pays.Cit\u00e9 par le Daily Graphic, Yaw Frimpong Addo a d\u00e9clar\u00e9 qu&rsquo;il y avait une nette distinction entre la disponibilit\u00e9 des aliments et leur prix, soulignant que les Ghan\u00e9ens interpr\u00e9taient de mani\u00e8re erron\u00e9e les prix \u00e9lev\u00e9s de certaines denr\u00e9es alimentaires comme une p\u00e9nurie alimentaire.<\/p>\n<p>\u00a0M. Addo a entrepris une tourn\u00e9e de six jours dans cinq r\u00e9gions du Ghana avec son minist\u00e8re de l&rsquo;Alimentation et de l&rsquo;Agriculture.<\/p>\n<p>Il a expliqu\u00e9 que cette tourn\u00e9e est motiv\u00e9e par la n\u00e9cessit\u00e9 de d\u00e9mentir les d\u00e9clarations, notamment \u00e0 Accra et dans certaines grandes villes, selon lesquelles il y aurait une p\u00e9nurie alimentaire dans le pays.<\/p>\n<p>\u00a0\u00ab \u00c0 cette \u00e9poque de l&rsquo;ann\u00e9e, les prix des denr\u00e9es alimentaires sont \u00e9lev\u00e9s, mais heureusement pour le Ghana, depuis 2016 jusqu&rsquo;\u00e0 aujourd&rsquo;hui, les stocks de ma\u00efs sont \u00e9lev\u00e9s \u00bb, a-t-il d\u00e9clar\u00e9.<\/p>\n<p>Selon lui, environ 270 000 tonnes m\u00e9triques de ma\u00efs \u00e9taient disponibles dans environ dix (10) march\u00e9s satellites de la r\u00e9gion de Bono East.<\/p>\n<p>\u00ab\u00a0Il est donc totalement faux que des personnes s&rsquo;assoient quelque part et disent qu&rsquo;il y a une p\u00e9nurie de ma\u00efs ou de rupture des aliments au Ghana\u00a0\u00bb a-t-il d\u00e9clar\u00e9.<\/p>\n<p>Cependant, M. Addo a discut\u00e9 avec les agriculteurs sur la sp\u00e9culation avec les prix parfois d\u00e9risoires propos\u00e9s par les acheteurs prix pour leurs produits.<\/p>\n<p>Cet article <a rel=\"nofollow\" href=\"https:\/\/www.journalducameroun.com\/il-ny-a-pas-de-penurie-alimentaire-au-ghana-ministre\/\">\u00ab Il n\u2019y a pas de p\u00e9nurie alimentaire au Ghana \u00bb (ministre)<\/a> est apparu en premier sur <a rel=\"nofollow\" href=\"https:\/\/www.journalducameroun.com\/\">Journal du Cameroun<\/a>.<\/p>\n<\/div>\n<p>Auteur: APA News<br \/>\n<a href=\"https:\/\/www.journalducameroun.com\/il-ny-a-pas-de-penurie-alimentaire-au-ghana-ministre\/\">Cliquez ici pour lire l&rsquo;article depuis sa source.<\/a><\/p>\n","protected":false},"excerpt":{"rendered":"<p>Le vice-ministre ghan\u00e9en de l&rsquo;Alimentation et de l&rsquo;Agriculture a qualifi\u00e9 de fausses les les informations selon lesquelles il y aurait une p\u00e9nurie alimentaire dans le pays.Cit\u00e9 par le Daily Graphic, Yaw Frimpong Addo a d\u00e9clar\u00e9 qu&rsquo;il y avait une nette distinction entre la disponibilit\u00e9 des aliments et leur prix, soulignant que les Ghan\u00e9ens interpr\u00e9taient de [&hellip;]<\/p>\n","protected":false},"author":1965,"featured_media":0,"comment_status":"closed","ping_status":"closed","sticky":false,"template":"","format":"standard","meta":{"fifu_image_url":"https:\/\/www.journalducameroun.com\/wp-content\/uploads\/2022\/06\/16555474853995.jpg","fifu_image_alt":"\u00ab Il n\u2019y a pas de p\u00e9nurie alimentaire au Ghana \u00bb (ministre)","footnotes":""},"categories":[73,82],"tags":[],"class_list":["post-150489","post","type-post","status-publish","format-standard","hentry","category-actualite","category-cameroun"],"_links":{"self":[{"href":"https:\/\/linitiative.ca\/International\/wp-json\/wp\/v2\/posts\/150489","targetHints":{"allow":["GET"]}}],"collection":[{"href":"https:\/\/linitiative.ca\/International\/wp-json\/wp\/v2\/posts"}],"about":[{"href":"https:\/\/linitiative.ca\/International\/wp-json\/wp\/v2\/types\/post"}],"author":[{"embeddable":true,"href":"https:\/\/linitiative.ca\/International\/wp-json\/wp\/v2\/users\/1965"}],"replies":[{"embeddable":true,"href":"https:\/\/linitiative.ca\/International\/wp-json\/wp\/v2\/comments?post=150489"}],"version-history":[{"count":0,"href":"https:\/\/linitiative.ca\/International\/wp-json\/wp\/v2\/posts\/150489\/revisions"}],"wp:attachment":[{"href":"https:\/\/linitiative.ca\/International\/wp-json\/wp\/v2\/media?parent=150489"}],"wp:term":[{"taxonomy":"category","embeddable":true,"href":"https:\/\/linitiative.ca\/International\/wp-json\/wp\/v2\/categories?post=150489"},{"taxonomy":"post_tag","embeddable":true,"href":"https:\/\/linitiative.ca\/International\/wp-json\/wp\/v2\/tags?post=150489"}],"curies":[{"name":"wp","href":"https:\/\/api.w.org\/{rel}","templated":true}]}}