{"id":150491,"date":"2022-06-18T06:18:05","date_gmt":"2022-06-18T10:18:05","guid":{"rendered":"https:\/\/linitiative.ca\/International\/senegal-un-important-financement-pour-lindustrie-pharmaceutique\/"},"modified":"2022-06-18T06:18:05","modified_gmt":"2022-06-18T10:18:05","slug":"senegal-un-important-financement-pour-lindustrie-pharmaceutique","status":"publish","type":"post","link":"https:\/\/linitiative.ca\/International\/senegal-un-important-financement-pour-lindustrie-pharmaceutique\/","title":{"rendered":"S\u00e9n\u00e9gal : un important financement pour l\u2019industrie pharmaceutique"},"content":{"rendered":"<div>\n<p><img decoding=\"async\" width=\"2560\" height=\"1310\" src=\"https:\/\/linitiative.ca\/International\/wp-content\/uploads\/sites\/23\/2022\/06\/16555474852859.jpg\" class=\"attachment-post-thumbnail size-post-thumbnail wp-post-image\" alt=\"\" loading=\"lazy\"><\/p>\n<p>La France vient d&rsquo;allouer 25 millions d&rsquo;euros, soit 16,4 milliards de F CFA, sous forme de pr\u00eat, au Programme d&rsquo;Appui \u00e0 la relance de l&rsquo;industrie pharmaceutique.La convention qui servira, principalement, \u00e0 financer le projet Madiba, pilier majeur de la strat\u00e9gie de relance de l&rsquo;industrie pharmaceutique, a \u00e9t\u00e9 sign\u00e9 jeudi soir par le ministre de l&rsquo;Economie, du Plan et de la Coop\u00e9ration, Amadou Hott, et l&rsquo;ambassadeur de France au S\u00e9n\u00e9gal, Philippe Lalliot.\u00a0<\/p>\n<p>La n\u00e9cessaire autonomie en mati\u00e8re de fabrication locale de vaccins, de m\u00e9dicaments et de technologies de la sant\u00e9 est l&rsquo;une des principales le\u00e7ons tir\u00e9es de la pand\u00e9mie, a indiqu\u00e9 M. Hott, rappelant au passage que \u00ab l&rsquo;Afrique importe actuellement 99 % de ses vaccins \u00bb.<\/p>\n<p>Amadou Hott s&rsquo;est f\u00e9licit\u00e9 du fait qu&rsquo;avec ce programme ambitieux, le S\u00e9n\u00e9gal fera partie des pays qui devront servir de hub dans la production de vaccins en Afrique.<\/p>\n<p>Au terme de ce programme, le Gouvernement ambitionne de restructurer le secteur pharmaceutique en mettant l&rsquo;accent sur un cadre r\u00e9glementaire et des institutions de r\u00e9glementation pharmaceutique renforc\u00e9s pour assurer l&rsquo;ouverture du capital aux priv\u00e9s non professionnels tout en garantissant la qualit\u00e9, la s\u00e9curit\u00e9 et l&rsquo;efficacit\u00e9 des produits de sant\u00e9 disponibles.\u00a0<\/p>\n<p>Une dynamique de mise en place d&rsquo;un dispositif de formation de ressources humaines permettant \u00e0 terme l&rsquo;\u00e9tablissement et la p\u00e9rennit\u00e9 d&rsquo;une industrie pharmaceutique locale et une souverainet\u00e9 vaccinale assur\u00e9e par la mise en place de capacit\u00e9s de production de vaccins, \u00e0 travers les diff\u00e9rents projets de \u00a0l&rsquo;Institut Pasteur de Dakar, notamment Madiba et Africamaril sont aussi attendues.<\/p>\n<p>Enfin, un environnement d&rsquo;investissement favorable au d\u00e9veloppement de projets industriels pour que le secteur pharmaceutique puisse \u00eatre un secteur producteur de valeur \u00e9conomique et d&#8217;emplois sera \u00e9galement mis en place.\u00a0<\/p>\n<p>Madiba est un projet de construction au S\u00e9n\u00e9gal d&rsquo;une usine de production de vaccins contre la Covid-19 et d&rsquo;autres maladies end\u00e9miques. Il vise \u00e0 augmenter les capacit\u00e9s de production m\u00e9dicale et de vaccin de l&rsquo;Afrique et r\u00e9duire ainsi sa d\u00e9pendance de l&rsquo;ext\u00e9rieur.<\/p>\n<p>Ce m\u00e9canisme, soutenu par le gouvernement du S\u00e9n\u00e9gal et les partenaires financiers internationaux, est h\u00e9berg\u00e9 par l&rsquo;Institut Pasteur de Dakar (IPD) qui abrite un p\u00f4le r\u00e9gional de production.<\/p>\n<p>Africamaril, autre projet de l&rsquo;IPD, fabrique \u00e0 Diamniadio, la nouvelle ville situ\u00e9e \u00e0 la p\u00e9riph\u00e9rie de Dakar, des vaccins contre la fi\u00e8vre jaune.\u00a0<\/p>\n<p>Cet article <a rel=\"nofollow\" href=\"https:\/\/www.journalducameroun.com\/senegal-un-important-financement-pour-lindustrie-pharmaceutique\/\">S\u00e9n\u00e9gal : un important financement pour l\u2019industrie pharmaceutique<\/a> est apparu en premier sur <a rel=\"nofollow\" href=\"https:\/\/www.journalducameroun.com\/\">Journal du Cameroun<\/a>.<\/p>\n<\/div>\n<p>Auteur: APA News<br \/>\n<a href=\"https:\/\/www.journalducameroun.com\/senegal-un-important-financement-pour-lindustrie-pharmaceutique\/\">Cliquez ici pour lire l&rsquo;article depuis sa source.<\/a><\/p>\n","protected":false},"excerpt":{"rendered":"<p>La France vient d&rsquo;allouer 25 millions d&rsquo;euros, soit 16,4 milliards de F CFA, sous forme de pr\u00eat, au Programme d&rsquo;Appui \u00e0 la relance de l&rsquo;industrie pharmaceutique.La convention qui servira, principalement, \u00e0 financer le projet Madiba, pilier majeur de la strat\u00e9gie de relance de l&rsquo;industrie pharmaceutique, a \u00e9t\u00e9 sign\u00e9 jeudi soir par le ministre de l&rsquo;Economie, [&hellip;]<\/p>\n","protected":false},"author":1965,"featured_media":0,"comment_status":"closed","ping_status":"closed","sticky":false,"template":"","format":"standard","meta":{"fifu_image_url":"https:\/\/www.journalducameroun.com\/wp-content\/uploads\/2022\/06\/16555474852859.jpg","fifu_image_alt":"S\u00e9n\u00e9gal : un important financement pour l\u2019industrie pharmaceutique","footnotes":""},"categories":[73,82],"tags":[],"class_list":["post-150491","post","type-post","status-publish","format-standard","hentry","category-actualite","category-cameroun"],"_links":{"self":[{"href":"https:\/\/linitiative.ca\/International\/wp-json\/wp\/v2\/posts\/150491","targetHints":{"allow":["GET"]}}],"collection":[{"href":"https:\/\/linitiative.ca\/International\/wp-json\/wp\/v2\/posts"}],"about":[{"href":"https:\/\/linitiative.ca\/International\/wp-json\/wp\/v2\/types\/post"}],"author":[{"embeddable":true,"href":"https:\/\/linitiative.ca\/International\/wp-json\/wp\/v2\/users\/1965"}],"replies":[{"embeddable":true,"href":"https:\/\/linitiative.ca\/International\/wp-json\/wp\/v2\/comments?post=150491"}],"version-history":[{"count":0,"href":"https:\/\/linitiative.ca\/International\/wp-json\/wp\/v2\/posts\/150491\/revisions"}],"wp:attachment":[{"href":"https:\/\/linitiative.ca\/International\/wp-json\/wp\/v2\/media?parent=150491"}],"wp:term":[{"taxonomy":"category","embeddable":true,"href":"https:\/\/linitiative.ca\/International\/wp-json\/wp\/v2\/categories?post=150491"},{"taxonomy":"post_tag","embeddable":true,"href":"https:\/\/linitiative.ca\/International\/wp-json\/wp\/v2\/tags?post=150491"}],"curies":[{"name":"wp","href":"https:\/\/api.w.org\/{rel}","templated":true}]}}